{"id":2073,"date":"2019-03-10T15:23:15","date_gmt":"2019-03-10T15:23:15","guid":{"rendered":"http:\/\/www.radiopresidenteibanez.cl\/web\/?p=2073"},"modified":"2019-03-10T15:23:24","modified_gmt":"2019-03-10T15:23:24","slug":"gobernacion-de-magallanes-realiza-multiples-actividades-para-conmemorar-el-dia-internacional-de-la-mujer","status":"publish","type":"post","link":"https:\/\/www.radiopresidenteibanez.cl\/web\/gobernacion-de-magallanes-realiza-multiples-actividades-para-conmemorar-el-dia-internacional-de-la-mujer\/","title":{"rendered":"GOBERNACI\u00d3N DE MAGALLANES REALIZA M\u00daLTIPLES ACTIVIDADES PARA CONMEMORAR EL D\u00cdA INTERNACIONAL DE LA MUJER"},"content":{"rendered":"\n<p>En la conmemoraci\u00f3n\ndel D\u00eda Internacional de la Mujer, la gobernaci\u00f3n de Magallanes, realiz\u00f3 un\namplio abanico de actividades, abordando desde distintas miradas el quehacer\nfemenino. La jornada comenz\u00f3 con una charla sobre acoso sexual y laboral, que\ndict\u00f3 una abogada de la Direcci\u00f3n del Trabajo, para las trabajadoras de la\nempresa Estacionar S.A. a la que espont\u00e1neamente se sumaron sus compa\u00f1eros de\ntrabajo, quienes ten\u00edan como fin conocer m\u00e1s sobre el tema para poder apoyar a\nlas mujeres, siendo una clara muestra de los pasos que est\u00e1 dando la sociedad\nen pro de la igualdad entre hombres y mujeres.<\/p>\n\n\n\n<p>Posteriormente, el\ngobernador de Magallanes, Homero Villegas particip\u00f3 de un taller de Lenguaje\nInclusivo para Comunicadores, que llev\u00f3 a cabo la Fundaci\u00f3n Prodemu, donde\nhombres y mujeres relacionadas con los medios de comunicaci\u00f3n, pudieron debatir\ne informarse sobre las brechas de g\u00e9nero, que el lenguaje puede generar\nmediante los medios de comunicaci\u00f3n, lo que debe ser evitado para no perpetuar\nla realidad actual.<\/p>\n\n\n\n<p>De forma paralela y\ndurante toda a ma\u00f1ana, la gobernaci\u00f3n junto al municipio de Punta Arenas y 14\nservicios p\u00fablicos, dieron vida a un Gobierno en Terreno especialmente dedicado\na las mujeres, donde pudieron acceder a una amplia variedad de servicios, como informaci\u00f3n\nsobre los programas de emprendimiento de Sercotec; prevenci\u00f3n de c\u00e1ncer de\nmamas; educaci\u00f3n sexual y reproductiva a trav\u00e9s de la seremi de Salud;\npostulaci\u00f3n para jardines infantiles de la Junji; talleres de defensa personal\ncon el instructor Genaro Carrasco; informaci\u00f3n del Registro Social de Hogares y\npostulaci\u00f3n a empleos gracias a la Oficina de Intermediaci\u00f3n Laboral municipal.<\/p>\n\n\n\n<p>Al respecto el\ngobernador Homero Villegas, destac\u00f3 que: \u201cpara nosotros es una actividad muy\nimportante, dado que hoy d\u00eda se hace un reconocimiento a tantos a\u00f1os de lucha,\nque las mujeres en el mundo y ac\u00e1 en chile han dado para lograr una igualdad de\noportunidades en el trato de la sociedad. Para nosotros, hoy d\u00eda es muy\nespecial, hemos estado en distintas actividades apoyando todas las miradas de\nlas mujeres hoy d\u00eda, por eso quisimos colocar este marco, darle la relevancia\nque tiene con todas las instituciones p\u00fablicas. La gobernaci\u00f3n est\u00e1 coordinando\nesta actividad hoy d\u00eda y estamos muy contentos con el resultado que est\u00e1\nteniendo\u201d.<\/p>\n\n\n\n<p>El Gobierno en\nTerreno, tuvo su punto m\u00e1s \u00e1lgido, cuando el bailar\u00edn nacional, Pablo Vargas, se\nsubi\u00f3 al escenario del gimnasio Fiscal, para dirigir una entretenida clase de\nzumba, la que moviliz\u00f3 a todos los asistentes, transformando el gimnasio en una\ngran pista de baile.<\/p>\n\n\n\n<p>Por la tarde, la\nseremia de la Mujer y la Equidad de G\u00e9nero, reconoci\u00f3 a 8 destacadas mujeres,\nlas que recibieron su reconocimiento, gracias a las postulaciones que la propia\ncomunidad realiz\u00f3, las destacadas este 2019, son: Carolina Quintul, artesana Kaw\u00e9sqar; Ruby\nAlmonacid, mueblista; Verenice Runinen, embajadora de las Jornadas por la\nRehabilitaci\u00f3n 2019; Ver\u00f3nica Rojo, emprendedora de etiquetado; Cecilia G\u00f3mez,\nrecicladora; Elsa Nelly Mansilla, pastora evang\u00e9lica y Geraldine P\u00e9rez,\npresidenta de la Agrupaci\u00f3n de Venezolanos en la Patagonia Chilena.<\/p>\n\n\n\n<p><strong>Respeto<\/strong><\/p>\n\n\n\n<p>La palabra\n\u201crespeto\u201d, fue sin duda la que m\u00e1s se escuch\u00f3 durante toda la jornada, dejando\nde manifiesto la situaci\u00f3n de vulnerabilidad en la que se encuentran muchas\nmujeres, donde incluso son asediadas en sus trabajos. Karina Toledo, tarjetera\nque se desempe\u00f1a en el centro de la ciudad, agradeci\u00f3 la charla sobre acoso\nlaboral y sexual, calific\u00e1ndola de entretenida, \u201cnos informamos de harto, por\nlo menos yo, que no sab\u00eda del tema del acoso laboral, no nos podemos dejar\npasar a llevar por un grito o que nos digan que estamos haciendo mal nuestra\npega. Es importante este tipo de actividades, porque la gente as\u00ed se entera,\ntiene mas informaci\u00f3n sobre el acoso laboral. Yo me he sentido pasada a llevar,\n(he recibido) hartos insultos en la calle, malos tratos, nos tratan s\u00faper mal\nde repente, pero son cosas del d\u00eda a d\u00eda, pr\u00e1cticamente todos los d\u00edas nos\ntratan mal alguien en la calle\u201d.<\/p>\n\n\n\n<p>Al consultar a\nKarina sobre lo que esperar\u00eda de la sociedad, indic\u00f3 que le gustar\u00eda \u201cque sean\ntodos respetuosos con una, que no nos pasen a llevar, que por ser mujer no nos\npueden pasar a llevar\u201d. Es madre de dos ni\u00f1os de 11 y 7 a\u00f1os, los que deja al\ncuidado de su madre para poder salir a trabajar, al igual que la gran mayor\u00eda\nde las mujeres trabajadoras.<\/p>\n\n\n\n<p><strong>Agenda Mujer<\/strong><\/p>\n\n\n\n<p>El Gobierno del\nPresidente Sebasti\u00e1n Pi\u00f1era, realiz\u00f3 un en\u00e9rgico llamado a sumarse a los\ncambios, donde se pueda solidificar una sociedad que reconozca la igualdad de\nderechos y de dignidad de mujeres y hombres, una sociedad no solo m\u00e1s humana,\nsino tambi\u00e9n una que camine m\u00e1s r\u00e1pidamente hacia el progreso y el desarrollo\nintegral.<\/p>\n\n\n\n<p>Dentro de las legislaciones que est\u00e1\nimpulsando el Ejecutivo para lograr este objetivo, se encuentra el Proyecto de\nLibre Ejercicio de la Lactancia Materna, el que ya est\u00e1 aprobado por el Senado\ny actualmente se encuentra en tr\u00e1mite para su promulgaci\u00f3n, esta iniciativa\npromueve, protege y apoya el amamantamiento libre en todos los espacios de la\nsociedad y garantiza el libre ejercicio de la lactancia, sancionando cualquier\ndiscriminaci\u00f3n arbitraria que prive, perturbe o amenace este derecho.<\/p>\n\n\n\n<p>En tr\u00e1mite, se encuentra el proyecto sobre el Derecho de las Mujeres a una vida libre de violencia, ya aprobado por la C\u00e1mara de Diputados y busca visibilizar las distintas formas de violencia que afecta a las mujeres, tanto en espacios p\u00fablicos como privados. Alguna de sus medidas son: incorporar nuevos tipos penales, tales como extender el delito de femicidio a las relaciones de pololeo, incorporar la figura de acoso sexual y sancionar la difusi\u00f3n sin consentimiento de fotos \u00edntimas.<\/p>\n\n\n\n<ul class=\"wp-block-gallery columns-2 is-cropped wp-block-gallery-1 is-layout-flex wp-block-gallery-is-layout-flex\"><li class=\"blocks-gallery-item\"><figure><img loading=\"lazy\" decoding=\"async\" width=\"640\" height=\"480\" src=\"https:\/\/www.radiopresidenteibanez.cl\/web\/wp-content\/uploads\/2019\/03\/IMG_1223.jpg\" alt=\"\" data-id=\"2074\" data-link=\"https:\/\/www.radiopresidenteibanez.cl\/web\/?attachment_id=2074\" class=\"wp-image-2074\" srcset=\"https:\/\/www.radiopresidenteibanez.cl\/web\/wp-content\/uploads\/2019\/03\/IMG_1223.jpg 640w, https:\/\/www.radiopresidenteibanez.cl\/web\/wp-content\/uploads\/2019\/03\/IMG_1223-300x225.jpg 300w\" sizes=\"auto, (max-width: 640px) 100vw, 640px\" \/><\/figure><\/li><li class=\"blocks-gallery-item\"><figure><img loading=\"lazy\" decoding=\"async\" width=\"640\" height=\"480\" src=\"https:\/\/www.radiopresidenteibanez.cl\/web\/wp-content\/uploads\/2019\/03\/IMG_1229.jpg\" alt=\"\" data-id=\"2075\" data-link=\"https:\/\/www.radiopresidenteibanez.cl\/web\/?attachment_id=2075\" class=\"wp-image-2075\" srcset=\"https:\/\/www.radiopresidenteibanez.cl\/web\/wp-content\/uploads\/2019\/03\/IMG_1229.jpg 640w, https:\/\/www.radiopresidenteibanez.cl\/web\/wp-content\/uploads\/2019\/03\/IMG_1229-300x225.jpg 300w\" sizes=\"auto, (max-width: 640px) 100vw, 640px\" \/><\/figure><\/li><li class=\"blocks-gallery-item\"><figure><img loading=\"lazy\" decoding=\"async\" width=\"640\" height=\"480\" src=\"https:\/\/www.radiopresidenteibanez.cl\/web\/wp-content\/uploads\/2019\/03\/IMG_1268.jpg\" alt=\"\" data-id=\"2076\" data-link=\"https:\/\/www.radiopresidenteibanez.cl\/web\/?attachment_id=2076\" class=\"wp-image-2076\" srcset=\"https:\/\/www.radiopresidenteibanez.cl\/web\/wp-content\/uploads\/2019\/03\/IMG_1268.jpg 640w, https:\/\/www.radiopresidenteibanez.cl\/web\/wp-content\/uploads\/2019\/03\/IMG_1268-300x225.jpg 300w\" sizes=\"auto, (max-width: 640px) 100vw, 640px\" \/><\/figure><\/li><\/ul>\n","protected":false},"excerpt":{"rendered":"<p>En la conmemoraci\u00f3n del D\u00eda Internacional de la Mujer, la gobernaci\u00f3n de Magallanes, realiz\u00f3 un amplio abanico de actividades, abordando desde distintas miradas el quehacer femenino. La jornada comenz\u00f3 con&#8230; <a class=\"read-more\" href=\"https:\/\/www.radiopresidenteibanez.cl\/web\/gobernacion-de-magallanes-realiza-multiples-actividades-para-conmemorar-el-dia-internacional-de-la-mujer\/\">Leer m\u00e1s<\/a><\/p>\n","protected":false},"author":2,"featured_media":2076,"comment_status":"closed","ping_status":"closed","sticky":false,"template":"","format":"standard","meta":{"footnotes":""},"categories":[1],"tags":[],"class_list":["post-2073","post","type-post","status-publish","format-standard","has-post-thumbnail","hentry","category-cronica"],"_links":{"self":[{"href":"https:\/\/www.radiopresidenteibanez.cl\/web\/wp-json\/wp\/v2\/posts\/2073","targetHints":{"allow":["GET"]}}],"collection":[{"href":"https:\/\/www.radiopresidenteibanez.cl\/web\/wp-json\/wp\/v2\/posts"}],"about":[{"href":"https:\/\/www.radiopresidenteibanez.cl\/web\/wp-json\/wp\/v2\/types\/post"}],"author":[{"embeddable":true,"href":"https:\/\/www.radiopresidenteibanez.cl\/web\/wp-json\/wp\/v2\/users\/2"}],"replies":[{"embeddable":true,"href":"https:\/\/www.radiopresidenteibanez.cl\/web\/wp-json\/wp\/v2\/comments?post=2073"}],"version-history":[{"count":0,"href":"https:\/\/www.radiopresidenteibanez.cl\/web\/wp-json\/wp\/v2\/posts\/2073\/revisions"}],"wp:featuredmedia":[{"embeddable":true,"href":"https:\/\/www.radiopresidenteibanez.cl\/web\/wp-json\/wp\/v2\/media\/2076"}],"wp:attachment":[{"href":"https:\/\/www.radiopresidenteibanez.cl\/web\/wp-json\/wp\/v2\/media?parent=2073"}],"wp:term":[{"taxonomy":"category","embeddable":true,"href":"https:\/\/www.radiopresidenteibanez.cl\/web\/wp-json\/wp\/v2\/categories?post=2073"},{"taxonomy":"post_tag","embeddable":true,"href":"https:\/\/www.radiopresidenteibanez.cl\/web\/wp-json\/wp\/v2\/tags?post=2073"}],"curies":[{"name":"wp","href":"https:\/\/api.w.org\/{rel}","templated":true}]}}