{"id":20727,"date":"2021-05-14T04:00:00","date_gmt":"2021-05-14T04:00:00","guid":{"rendered":"https:\/\/www.radiopresidenteibanez.cl\/web\/?p=20727"},"modified":"2021-05-13T19:14:57","modified_gmt":"2021-05-13T19:14:57","slug":"seremi-del-trabajo-llama-a-respetar-permiso-de-2-horas-para-sufragar-en-las-elecciones-de-este-fin-de-semana","status":"publish","type":"post","link":"https:\/\/www.radiopresidenteibanez.cl\/web\/seremi-del-trabajo-llama-a-respetar-permiso-de-2-horas-para-sufragar-en-las-elecciones-de-este-fin-de-semana\/","title":{"rendered":"SEREMI DEL TRABAJO LLAMA A RESPETAR PERMISO DE 2 HORAS PARA SUFRAGAR EN LAS ELECCIONES DE ESTE FIN DE SEMANA"},"content":{"rendered":"\n<p>En el marco de\nlas elecciones que se desarrollar\u00e1n este s\u00e1bado 15 y domingo 16 de mayo, la\nSeremi del Trabajo, Victoria Cort\u00e9s Schiattino, hizo un llamado a los due\u00f1os de\nempresas que, por su car\u00e1cter, puedan funcionar esos d\u00edas, a respetar el\npermiso de 2 horas que tienen los trabajadores para concurrir a votar durante\nel proceso eleccionario.<\/p>\n\n\n\n<p>La autoridad\ninform\u00f3 que la Direcci\u00f3n del Trabajo (DT) estar\u00e1 fiscalizando dicho\ncumplimiento, adem\u00e1s del feriado irrenunciable decretado para los trabajadores\ndel comercio y que regir\u00e1 durante este fin de semana.<\/p>\n\n\n\n<p>Al respecto, la\nseremi sostuvo que \u201ca prop\u00f3sito del proceso de elecciones que vive el pa\u00eds,\neste 15 y 16 de mayo han sido declarados como feriado irrenunciable, lo que\nsignifica que el comercio debe permanecer cerrado con excepci\u00f3n de lo contenido\nen la propia norma, que establece que pueden funcionar las farmacias de turno,\nlas farmacias con turnos fijados por la autoridad sanitaria y los expendios de\ncombustible. Por otra parte, la Direcci\u00f3n del Trabajo ha emitido el d\u00eda de ayer\nun dictamen que establece que tambi\u00e9n podr\u00e1n funcionar los almacenes o negocios\nde barrio que sean atendidos por sus propios due\u00f1os\u201d. <\/p>\n\n\n\n<p>La autoridad\nse\u00f1al\u00f3 que, en caso de incumplimiento de esta norma, las sanciones van con\nmultas desde las 5 y hasta las 20 Unidades Tributarias Mensuales (UTM) por cada\ntrabajador que se detecte en infracci\u00f3n.<\/p>\n\n\n\n<p>\u201cPor otro lado,\nel empleador est\u00e1 obligado, en aquellos casos que los trabajadores pertenezcan\na rubros esenciales o aquellos autorizados para seguir funcionando durante este\nfin de semana, a garantizar que el trabajador podr\u00e1 contar con el permiso para\nejercer su derecho a voto para lo cual dispone de un m\u00ednimo de dos horas que\npuede ejercer el d\u00eda s\u00e1bado o d\u00eda domingo, seg\u00fan lo convenido por las partes\u201d,\na\u00f1adi\u00f3 Cort\u00e9s.<\/p>\n\n\n\n<p>Desde la\nDirecci\u00f3n del Trabajo las autoridades centrales expresaron que el servicio\nestar\u00e1 fiscalizando el cumplimiento de ambos derechos durante estas elecciones,\ntanto el de sufragio y participaci\u00f3n en los comicios, como el del feriado\nobligatorio del comercio, por lo que, tal como expres\u00f3 la secretaria regional,\nse inst\u00f3 a los empleadores a respetar estas normativas y a los trabajadores a\ndenunciar en caso de vulneraci\u00f3n a estos derechos.<\/p>\n\n\n\n<p>El canal de\natenci\u00f3n telef\u00f3nica dispuesto para ello ser\u00e1 el 600 450 4000, donde quienes lo\nrequieran podr\u00e1n realizar las denuncias por eventuales incumplimientos a esta\nnormativa.<\/p>\n\n\n\n<p>Con respecto a\nlas sanciones, Cort\u00e9s explic\u00f3 que, por no otorgar el permiso de 2 horas para\nvotar, los empleadores se exponen a multas que van de entre las 9 Unidades\nTributarias Mensuales (UTM) para empresas entre 1 a 49 trabajadores; 30 UTM\npara empresas con entre 50 y 199 trabajadores; y 40 UTM para empresas con m\u00e1s\nde 200 funcionarios.<\/p>\n\n\n\n<p>Estos montos se\nrepiten en el caso que la infracci\u00f3n sea por no otorgar el permiso para ser\nvocal de mesa, miembro del colegio escrutador o delegado ante la Junta\nElectoral. <\/p>\n\n\n\n<p>Mientras que,\npara incumplimientos al feriado irrenunciable, como es habitual, las multas que\nse cursan van entre las 5 UTM, 10 UTM y hasta 20 UTM dependiendo de la cantidad\nde trabajadores de la empresa.<\/p>\n","protected":false},"excerpt":{"rendered":"<p>En el marco de las elecciones que se desarrollar\u00e1n este s\u00e1bado 15 y domingo 16 de mayo, la Seremi del Trabajo, Victoria Cort\u00e9s Schiattino, hizo un llamado a los due\u00f1os&#8230; <a class=\"read-more\" href=\"https:\/\/www.radiopresidenteibanez.cl\/web\/seremi-del-trabajo-llama-a-respetar-permiso-de-2-horas-para-sufragar-en-las-elecciones-de-este-fin-de-semana\/\">Leer m\u00e1s<\/a><\/p>\n","protected":false},"author":2,"featured_media":20728,"comment_status":"closed","ping_status":"closed","sticky":false,"template":"","format":"standard","meta":{"footnotes":""},"categories":[1],"tags":[],"class_list":["post-20727","post","type-post","status-publish","format-standard","has-post-thumbnail","hentry","category-cronica"],"_links":{"self":[{"href":"https:\/\/www.radiopresidenteibanez.cl\/web\/wp-json\/wp\/v2\/posts\/20727","targetHints":{"allow":["GET"]}}],"collection":[{"href":"https:\/\/www.radiopresidenteibanez.cl\/web\/wp-json\/wp\/v2\/posts"}],"about":[{"href":"https:\/\/www.radiopresidenteibanez.cl\/web\/wp-json\/wp\/v2\/types\/post"}],"author":[{"embeddable":true,"href":"https:\/\/www.radiopresidenteibanez.cl\/web\/wp-json\/wp\/v2\/users\/2"}],"replies":[{"embeddable":true,"href":"https:\/\/www.radiopresidenteibanez.cl\/web\/wp-json\/wp\/v2\/comments?post=20727"}],"version-history":[{"count":0,"href":"https:\/\/www.radiopresidenteibanez.cl\/web\/wp-json\/wp\/v2\/posts\/20727\/revisions"}],"wp:featuredmedia":[{"embeddable":true,"href":"https:\/\/www.radiopresidenteibanez.cl\/web\/wp-json\/wp\/v2\/media\/20728"}],"wp:attachment":[{"href":"https:\/\/www.radiopresidenteibanez.cl\/web\/wp-json\/wp\/v2\/media?parent=20727"}],"wp:term":[{"taxonomy":"category","embeddable":true,"href":"https:\/\/www.radiopresidenteibanez.cl\/web\/wp-json\/wp\/v2\/categories?post=20727"},{"taxonomy":"post_tag","embeddable":true,"href":"https:\/\/www.radiopresidenteibanez.cl\/web\/wp-json\/wp\/v2\/tags?post=20727"}],"curies":[{"name":"wp","href":"https:\/\/api.w.org\/{rel}","templated":true}]}}