{"id":20723,"date":"2021-05-14T04:00:00","date_gmt":"2021-05-14T04:00:00","guid":{"rendered":"https:\/\/www.radiopresidenteibanez.cl\/web\/?p=20723"},"modified":"2021-05-13T18:06:49","modified_gmt":"2021-05-13T18:06:49","slug":"autoridades-de-magallanes-promueven-la-participacion-de-votantes-con-discapacidad-y-de-pueblos-originarios","status":"publish","type":"post","link":"https:\/\/www.radiopresidenteibanez.cl\/web\/autoridades-de-magallanes-promueven-la-participacion-de-votantes-con-discapacidad-y-de-pueblos-originarios\/","title":{"rendered":"AUTORIDADES DE MAGALLANES PROMUEVEN LA PARTICIPACI\u00d3N DE VOTANTES CON DISCAPACIDAD Y DE PUEBLOS ORIGINARIOS"},"content":{"rendered":"\n<p>Autoridades regionales lideradas por la Intendenta de Magallanes y de la Ant\u00e1rtica Chilena, Jenniffer Rojas, realizaron un llamado para que las personas con discapacidad y pueblos originarios participen en las elecciones de este 15 y 16 de mayo, destacando las medidas sanitarias y de acceso existentes para facilitar su participaci\u00f3n.<\/p>\n\n\n\n<p>Para la m\u00e1xima autoridad regional \u201ceste fin de semana viviremos un proceso democr\u00e1tico hist\u00f3rico, donde elegiremos a los integrantes de la Convenci\u00f3n Constitucional, los Gobernadores Regionales, Alcaldes y Concejales. Es por ello que nos encontramos coordinando las acciones necesarias para proteger la salud de la poblaci\u00f3n y para garantizar la participaci\u00f3n segura de las personas con discapacidad y de los pueblos originarios, para que todos podamos cumplir con este derecho ciudadano\u201d.<\/p>\n\n\n\n<p>De acuerdo a la legislaci\u00f3n chilena, las personas con&nbsp;cualquier tipo de&nbsp;discapacidad, mayores de 18 a\u00f1os y que no se encuentren declaradas en interdicci\u00f3n, pueden ejercer su derecho a votar.&nbsp;De acuerdo al Segundo Estudio Nacional de la Discapacidad, en Chile hay 2 millones 606 mil personas con discapacidad mayores de 18 a\u00f1os. En la regi\u00f3n, el universo es de 26.977 personas.<\/p>\n\n\n\n<p>En compa\u00f1\u00eda de la Seremi de Desarrollo Social y Familia, Liz Casanueva, el&nbsp;Director Regional SENADIS, Iv\u00e1n Gonz\u00e1lez, se\u00f1al\u00f3 que \u201clas personas con discapacidad podr\u00e1n hacer uso de su derecho al Voto Asistido, para lo cual pueden ir acompa\u00f1adas de una persona mayor de 18 a\u00f1os de su confianza, o bien pueden solicitar asistencia al presidente de la mesa, quien debe esperar fuera de la c\u00e1mara secreta para doblar y cerrar el voto con el sello adhesivo que entregan cuando pasan el voto, lo que quedar\u00e1 constancia en el acta\u201d.<\/p>\n\n\n\n<p>Agreg\u00f3 adem\u00e1s que \u201clas personas con discapacidad visual podr\u00e1n solicitar al presidente de la mesa la plantilla de votaci\u00f3n con ranuras o la plantilla con ranuras y sistema Braille, las que estar\u00e1n disponibles en cada recinto donde funcionen las mesas receptoras de sufragio. Si la persona no pueda ingresar a la c\u00e1mara secreta por usar camilla, silla de ruedas u otro motivo, estar\u00e1n autorizados para sufragar fuera de ella. En este caso, la mesa deber\u00e1 adoptar las medidas necesarias para mantener el secreto del voto\u201d.<\/p>\n\n\n\n<p><strong>Votantes de Pueblos Originarios<\/strong><\/p>\n\n\n\n<p>Tambi\u00e9n la Jefa de la Oficina de Asuntos Ind\u00edgenas de CONADI, Carolina Avenda\u00f1o, promovi\u00f3 la postulaci\u00f3n de las m\u00e1s de 1 mill\u00f3n 200 mil personas que est\u00e1n habilitadas para elegir a quienes ocupar\u00e1n uno de los 17 esca\u00f1os reservados que tendr\u00e1n los 10 pueblos ind\u00edgenas reconocidos para participar del proceso de redacci\u00f3n de la nueva Constituci\u00f3n.<\/p>\n\n\n\n<p>Al respecto se\u00f1al\u00f3 que \u201cpara votar por un candidato que postula a esca\u00f1os reservados, el elector debe tener calidad ind\u00edgena acreditada ante CONADI o haber presentado declaraci\u00f3n jurada identific\u00e1ndose con un Pueblo Originario ante el SERVEL. El d\u00eda de la elecci\u00f3n o antes, el elector podr\u00e1 ingresar con su n\u00famero de RUT a&nbsp;<a href=\"https:\/\/consulta.servel.cl\/\" target=\"_blank\" rel=\"noreferrer noopener\">https:\/\/consulta.servel.cl\/<\/a>&nbsp;para saber si se encuentra habilitado para votar por esca\u00f1os reservados. En la \u00faltima fila de datos electorales figura si corresponde que vote por alg\u00fan pueblo ind\u00edgena\u201d.<\/p>\n\n\n\n<p>En ese sentido, la Ministra de Desarrollo Social y Familia, Karla Rubilar, recalc\u00f3 la importancia de este hito hist\u00f3rico que va a permitir que \u201ceste proceso constituyente se escriba con letra ind\u00edgena. Esto es un hecho que debe tener la m\u00e1xima participaci\u00f3n posible, porque, sin lugar a dudas, la Constituci\u00f3n la vamos a escribir entre todos, la Ley Madre deb\u00eda construirse, escribirse con la letra de los pueblos originarios\u201d.<\/p>\n\n\n\n<p>La regi\u00f3n que concentra la mayor cantidad de personas identificadas con pueblos ind\u00edgenas es la Metropolitana, con 302.796 electores. Le sigue La Araucan\u00eda (265.468) y luego Los Lagos (177.308). En Magallanes, existen 32.155 personas habilitadas para votar.<\/p>\n","protected":false},"excerpt":{"rendered":"<p>Autoridades regionales lideradas por la Intendenta de Magallanes y de la Ant\u00e1rtica Chilena, Jenniffer Rojas, realizaron un llamado para que las personas con discapacidad y pueblos originarios participen en las&#8230; <a class=\"read-more\" href=\"https:\/\/www.radiopresidenteibanez.cl\/web\/autoridades-de-magallanes-promueven-la-participacion-de-votantes-con-discapacidad-y-de-pueblos-originarios\/\">Leer m\u00e1s<\/a><\/p>\n","protected":false},"author":2,"featured_media":20724,"comment_status":"closed","ping_status":"closed","sticky":false,"template":"","format":"standard","meta":{"footnotes":""},"categories":[1],"tags":[],"class_list":["post-20723","post","type-post","status-publish","format-standard","has-post-thumbnail","hentry","category-cronica"],"_links":{"self":[{"href":"https:\/\/www.radiopresidenteibanez.cl\/web\/wp-json\/wp\/v2\/posts\/20723","targetHints":{"allow":["GET"]}}],"collection":[{"href":"https:\/\/www.radiopresidenteibanez.cl\/web\/wp-json\/wp\/v2\/posts"}],"about":[{"href":"https:\/\/www.radiopresidenteibanez.cl\/web\/wp-json\/wp\/v2\/types\/post"}],"author":[{"embeddable":true,"href":"https:\/\/www.radiopresidenteibanez.cl\/web\/wp-json\/wp\/v2\/users\/2"}],"replies":[{"embeddable":true,"href":"https:\/\/www.radiopresidenteibanez.cl\/web\/wp-json\/wp\/v2\/comments?post=20723"}],"version-history":[{"count":0,"href":"https:\/\/www.radiopresidenteibanez.cl\/web\/wp-json\/wp\/v2\/posts\/20723\/revisions"}],"wp:featuredmedia":[{"embeddable":true,"href":"https:\/\/www.radiopresidenteibanez.cl\/web\/wp-json\/wp\/v2\/media\/20724"}],"wp:attachment":[{"href":"https:\/\/www.radiopresidenteibanez.cl\/web\/wp-json\/wp\/v2\/media?parent=20723"}],"wp:term":[{"taxonomy":"category","embeddable":true,"href":"https:\/\/www.radiopresidenteibanez.cl\/web\/wp-json\/wp\/v2\/categories?post=20723"},{"taxonomy":"post_tag","embeddable":true,"href":"https:\/\/www.radiopresidenteibanez.cl\/web\/wp-json\/wp\/v2\/tags?post=20723"}],"curies":[{"name":"wp","href":"https:\/\/api.w.org\/{rel}","templated":true}]}}