{"id":20720,"date":"2021-05-14T03:45:00","date_gmt":"2021-05-14T03:45:00","guid":{"rendered":"https:\/\/www.radiopresidenteibanez.cl\/web\/?p=20720"},"modified":"2021-05-13T18:03:37","modified_gmt":"2021-05-13T18:03:37","slug":"seremi-daisy-carrera-llama-a-las-mujeres-a-participar-del-proceso-eleccionario-este-fin-de-semana","status":"publish","type":"post","link":"https:\/\/www.radiopresidenteibanez.cl\/web\/seremi-daisy-carrera-llama-a-las-mujeres-a-participar-del-proceso-eleccionario-este-fin-de-semana\/","title":{"rendered":"SEREMI DAISY CARRERA LLAMA A LAS MUJERES A PARTICIPAR DEL PROCESO ELECCIONARIO ESTE FIN DE SEMANA"},"content":{"rendered":"\n<p>La Seremi de la Mujer y la Equidad de G\u00e9nero, Daisy Carrera\nOcaranza hizo un llamado a las mujeres de la regi\u00f3n a participar este fin de\nsemana en el proceso eleccionario para Convencionales Constituyentes,\nGobernadores y Gobernadoras Regionales, Alcaldes y Alcaldesas y, Concejales y Concejalas.<\/p>\n\n\n\n<p>La Secretaria Regional de la Mujer dijo que hist\u00f3ricamente\nlas mujeres han tenido gran participaci\u00f3n en los procesos eleccionarios dando\nmuestras de responsabilidad c\u00edvica, e inst\u00f3 a que una vez m\u00e1s \u201cseamos las\nprotagonistas de nuestra historia y del futuro de nuestro pa\u00eds.\u201d&nbsp;&nbsp; <\/p>\n\n\n\n<p>Daisy Carrera agreg\u00f3 que: \u201cComo mujeres somos emp\u00e1ticas las\nunas con las otras, porque todas somos una, y es esta unidad la que nos ha\ncaracterizado en la historia de las reivindicaciones femeninas; y todos los derechos\nque hemos logrado y conquistado, no han sido s\u00f3lo para algunas, sino para todas\nnosotras, para toda la sociedad y para la humanidad.\u201d&nbsp; <\/p>\n\n\n\n<p>Por otra parte, llam\u00f3 a seguir las recomendaciones para\nvotar en forma expedita y segura.&nbsp; Por\nejemplo: <\/p>\n\n\n\n<ul class=\"wp-block-list\"><li>Llevar\nmascarilla, alcohol gel y l\u00e1piz pasta azul.<\/li><li>Mantener\nal menos 1 metro de distancia f\u00edsica y no ir acompa\u00f1ada.<\/li><li>Respetar\nel trato preferente de la poblaci\u00f3n de riesgo.<\/li><\/ul>\n\n\n\n<p>Tambi\u00e9n dijo la Seremi de la\nMujer que se recomienda que mayores de 60 a\u00f1os vayan a votar el s\u00e1bado entre\nlas 14 y las 18 horas, mientras que la poblaci\u00f3n en general privilegie el\ns\u00e1bado entre 8 y 14 horas.<\/p>\n\n\n\n<p>Fue en 1934 que se aprob\u00f3 el voto femenino para las\nelecciones municipales, y reci\u00e9n en 1949 se concedi\u00f3 el derecho a voto a las\nmujeres para las elecciones presidenciales y parlamentarias. Las mujeres\nparticiparon por primera vez en la elecci\u00f3n presidencial de 1952 comenzando a\ninfluir en la vida p\u00fablica.<\/p>\n\n\n\n<p>Desde entonces y gradualmente la participaci\u00f3n femenina en\nlos procesos eleccionarios fue aumentando, hasta lograr equiparar en cantidad a\nlos hombres en la d\u00e9cada de los setentas. En la actualidad las mujeres son\nmayor\u00eda en el padr\u00f3n electoral y su participaci\u00f3n en las elecciones es tambi\u00e9n\nmayoritaria alcanzando el 53 por ciento de participaci\u00f3n en el Plebiscito\nNacional del a\u00f1o 2020.<\/p>\n\n\n\n<p>\u201cDebemos seguir liderando una participaci\u00f3n masiva en todas\nlas elecciones, debemos ser parte de este proceso hist\u00f3rico tan importante,\npara que nuestra voz quede instalada y podamos construir un pa\u00eds con equidad de\ng\u00e9nero\u201d dijo finalmente la Seremi de la Mujer Daisy Carrera.<\/p>\n","protected":false},"excerpt":{"rendered":"<p>La Seremi de la Mujer y la Equidad de G\u00e9nero, Daisy Carrera Ocaranza hizo un llamado a las mujeres de la regi\u00f3n a participar este fin de semana en el&#8230; <a class=\"read-more\" href=\"https:\/\/www.radiopresidenteibanez.cl\/web\/seremi-daisy-carrera-llama-a-las-mujeres-a-participar-del-proceso-eleccionario-este-fin-de-semana\/\">Leer m\u00e1s<\/a><\/p>\n","protected":false},"author":2,"featured_media":20721,"comment_status":"closed","ping_status":"closed","sticky":false,"template":"","format":"standard","meta":{"footnotes":""},"categories":[1],"tags":[],"class_list":["post-20720","post","type-post","status-publish","format-standard","has-post-thumbnail","hentry","category-cronica"],"_links":{"self":[{"href":"https:\/\/www.radiopresidenteibanez.cl\/web\/wp-json\/wp\/v2\/posts\/20720","targetHints":{"allow":["GET"]}}],"collection":[{"href":"https:\/\/www.radiopresidenteibanez.cl\/web\/wp-json\/wp\/v2\/posts"}],"about":[{"href":"https:\/\/www.radiopresidenteibanez.cl\/web\/wp-json\/wp\/v2\/types\/post"}],"author":[{"embeddable":true,"href":"https:\/\/www.radiopresidenteibanez.cl\/web\/wp-json\/wp\/v2\/users\/2"}],"replies":[{"embeddable":true,"href":"https:\/\/www.radiopresidenteibanez.cl\/web\/wp-json\/wp\/v2\/comments?post=20720"}],"version-history":[{"count":0,"href":"https:\/\/www.radiopresidenteibanez.cl\/web\/wp-json\/wp\/v2\/posts\/20720\/revisions"}],"wp:featuredmedia":[{"embeddable":true,"href":"https:\/\/www.radiopresidenteibanez.cl\/web\/wp-json\/wp\/v2\/media\/20721"}],"wp:attachment":[{"href":"https:\/\/www.radiopresidenteibanez.cl\/web\/wp-json\/wp\/v2\/media?parent=20720"}],"wp:term":[{"taxonomy":"category","embeddable":true,"href":"https:\/\/www.radiopresidenteibanez.cl\/web\/wp-json\/wp\/v2\/categories?post=20720"},{"taxonomy":"post_tag","embeddable":true,"href":"https:\/\/www.radiopresidenteibanez.cl\/web\/wp-json\/wp\/v2\/tags?post=20720"}],"curies":[{"name":"wp","href":"https:\/\/api.w.org\/{rel}","templated":true}]}}