{"id":20714,"date":"2021-05-14T03:15:00","date_gmt":"2021-05-14T03:15:00","guid":{"rendered":"https:\/\/www.radiopresidenteibanez.cl\/web\/?p=20714"},"modified":"2021-05-13T16:56:58","modified_gmt":"2021-05-13T16:56:58","slug":"nuevo-jardin-infantil-de-puerto-williams-llevara-un-nombre-en-lengua-originaria","status":"publish","type":"post","link":"https:\/\/www.radiopresidenteibanez.cl\/web\/nuevo-jardin-infantil-de-puerto-williams-llevara-un-nombre-en-lengua-originaria\/","title":{"rendered":"NUEVO JARD\u00cdN INFANTIL DE PUERTO WILLIAMS LLEVAR\u00c1 UN NOMBRE EN LENGUA ORIGINARIA"},"content":{"rendered":"\n<p>36 posibilidades de nombres fueron presentadas por la comunidad educativa de la comuna de Cabo de Hornos para el nuevo establecimiento que la Junta Nacional de Jardines Infantiles (JUNJI) inaugur\u00f3 el pasado 24 de marzo de 2021. Esto dentro de la actividad de Participaci\u00f3n Ciudadana de la Subdirecci\u00f3n de Comunicaciones y Ciudadan\u00eda institucional llamada \u201cPonle nombre a tu jard\u00edn\u201d.<\/p>\n\n\n\n<p>Un jurado integrado por el pleno del equipo pedag\u00f3gico del recinto, de las subdirecciones de Comunicaciones y de Calidad Educativa y de la Direcci\u00f3n Regional de la JUNJI de Magallanes y de la Ant\u00e1rtica Chilena vot\u00f3 para establecer la terna entre la que la poblaci\u00f3n en general podr\u00e1 elegir la denominaci\u00f3n final para la unidad mediante elecci\u00f3n remota.&nbsp;<\/p>\n\n\n\n<p>Las candidatas que entraron a la recta final son \u201cOucha kupanaka\u201d, que significa \u201cViento de Nieve\u201d en lengua yag\u00e1n; \u201cTanana\u201d o \u201cEstar listo para zarpar\u201d en yag\u00e1n y \u201cQuechuqina\u201d, que es \u201cMart\u00edn Pescador\u201d en mapudungun. Hasta el 20 de mayo, a las 8 de la ma\u00f1ana, se puede votar por Microsoft Forms en&nbsp;<a href=\"https:\/\/forms.office.com\/r\/5ppfqWrC1e\" target=\"_blank\" rel=\"noreferrer noopener\">https:\/\/forms.office.com\/r\/5ppfqWrC1e<\/a>, actividad a la que se invita principalmente a las y los integrantes de la comunidad educativa, equipo pedag\u00f3gico, madres, padres y apoderados y la comunidad de la comuna de Cabo de Hornos.&nbsp;<\/p>\n\n\n\n<p>El martes 18 de mayo, a las 16 horas, se har\u00e1 un debate no vinculante sobre las opciones finales, el que pretende presentar los mejores argumentos para la elecci\u00f3n definitiva.<\/p>\n\n\n\n<p>La directora del recinto, la educadora Catherine Mellado, agradeci\u00f3 esta instancia de participaci\u00f3n. \u201cBuscamos un nombre pertinente para la comunidad. Ten\u00edamos el temor que no todos querr\u00edan participar cuando hicimos la convocatoria original. Hubo muchas propuestas de las familias, de la comunidad de Puerto Williams. Esto es un hito importante para la JUNJI y tambi\u00e9n para nuestro jard\u00edn dentro de la comuna. Ahora el llamado es que los votantes elijan de acuerdo con la realidad, al contexto geogr\u00e1fico y cultural\u201d, detall\u00f3.<\/p>\n\n\n\n<p>La Directora Regional (S) de la JUNJI de Magallanes y de la Ant\u00e1rtica Chilena, la educadora Marisol Villegas N\u00fa\u00f1ez, agradeci\u00f3 a todas y todos los que han sido parte del proceso. \u201cEs decidor encontrarnos con tres nombres finalistas en lenguas originarias. Denota el compromiso de los habitantes de Cabo de Hornos, del equipo regional de la JUNJI y de las familias con las ra\u00edces y la historia. Invito a todas y a todos a votar en esta instancia final, que escribe un nuevo cap\u00edtulo en la educaci\u00f3n parvularia que brindamos en la parte austral de Chile\u201d, concluy\u00f3.&nbsp;<\/p>\n","protected":false},"excerpt":{"rendered":"<p>36 posibilidades de nombres fueron presentadas por la comunidad educativa de la comuna de Cabo de Hornos para el nuevo establecimiento que la Junta Nacional de Jardines Infantiles (JUNJI) inaugur\u00f3&#8230; <a class=\"read-more\" href=\"https:\/\/www.radiopresidenteibanez.cl\/web\/nuevo-jardin-infantil-de-puerto-williams-llevara-un-nombre-en-lengua-originaria\/\">Leer m\u00e1s<\/a><\/p>\n","protected":false},"author":2,"featured_media":20715,"comment_status":"closed","ping_status":"closed","sticky":false,"template":"","format":"standard","meta":{"footnotes":""},"categories":[1],"tags":[],"class_list":["post-20714","post","type-post","status-publish","format-standard","has-post-thumbnail","hentry","category-cronica"],"_links":{"self":[{"href":"https:\/\/www.radiopresidenteibanez.cl\/web\/wp-json\/wp\/v2\/posts\/20714","targetHints":{"allow":["GET"]}}],"collection":[{"href":"https:\/\/www.radiopresidenteibanez.cl\/web\/wp-json\/wp\/v2\/posts"}],"about":[{"href":"https:\/\/www.radiopresidenteibanez.cl\/web\/wp-json\/wp\/v2\/types\/post"}],"author":[{"embeddable":true,"href":"https:\/\/www.radiopresidenteibanez.cl\/web\/wp-json\/wp\/v2\/users\/2"}],"replies":[{"embeddable":true,"href":"https:\/\/www.radiopresidenteibanez.cl\/web\/wp-json\/wp\/v2\/comments?post=20714"}],"version-history":[{"count":0,"href":"https:\/\/www.radiopresidenteibanez.cl\/web\/wp-json\/wp\/v2\/posts\/20714\/revisions"}],"wp:featuredmedia":[{"embeddable":true,"href":"https:\/\/www.radiopresidenteibanez.cl\/web\/wp-json\/wp\/v2\/media\/20715"}],"wp:attachment":[{"href":"https:\/\/www.radiopresidenteibanez.cl\/web\/wp-json\/wp\/v2\/media?parent=20714"}],"wp:term":[{"taxonomy":"category","embeddable":true,"href":"https:\/\/www.radiopresidenteibanez.cl\/web\/wp-json\/wp\/v2\/categories?post=20714"},{"taxonomy":"post_tag","embeddable":true,"href":"https:\/\/www.radiopresidenteibanez.cl\/web\/wp-json\/wp\/v2\/tags?post=20714"}],"curies":[{"name":"wp","href":"https:\/\/api.w.org\/{rel}","templated":true}]}}