{"id":20711,"date":"2021-05-14T03:00:00","date_gmt":"2021-05-14T03:00:00","guid":{"rendered":"https:\/\/www.radiopresidenteibanez.cl\/web\/?p=20711"},"modified":"2021-05-13T16:54:36","modified_gmt":"2021-05-13T16:54:36","slug":"senama-entrega-recomendaciones-para-personas-mayores-ante-elecciones-del-proximo-fin-de-semana","status":"publish","type":"post","link":"https:\/\/www.radiopresidenteibanez.cl\/web\/senama-entrega-recomendaciones-para-personas-mayores-ante-elecciones-del-proximo-fin-de-semana\/","title":{"rendered":"SENAMA ENTREGA RECOMENDACIONES PARA PERSONAS MAYORES ANTE ELECCIONES DEL PR\u00d3XIMO FIN DE SEMANA"},"content":{"rendered":"\n<p><strong>Para\npromover la participaci\u00f3n de las personas mayores en las elecciones de este fin\nde semana, donde se elegir\u00e1n gobernadores, alcaldes, concejales y\nconstituyentes, la coordinador regional del Servicio Nacional del Adulto Mayor,\nSENAMA, Rebeca Aguilante Canales y la seremi de Desarrollo Social y Familia Liz\nCasanueva M\u00e9ndez, dieron a conocer las medidas dispuestas para facilitar este\nproceso, resguardando la salud de los asistentes, as\u00ed como las recomendaciones\npara quienes pertenecen a este grupo de la poblaci\u00f3n.<\/strong><\/p>\n\n\n\n<p><strong>Si bien las\npersonas mayores se han destacado por su compromiso a la hora de sufragar, esta\nvez las condiciones sanitarias producto del Covid-19, han determinado que este\nproceso se realice bajo estrictas medidas sanitarias preventivas y por primera\nvez, en dos jornadas el s\u00e1bado 15 y el domingo 16 de mayo.<\/strong><\/p>\n\n\n\n<p>Es as\u00ed como se establece que las personas mayores tendr\u00e1n un horario\npreferencial durante toda la jornada, los dos d\u00edas de votaci\u00f3n. Entre las\nrecomendaciones a la hora de concurrir a sufragar es importante verificar antes\nel local de votaci\u00f3n, adem\u00e1s del uso obligatorio de mascarilla, llevar l\u00e1piz\npasta azul propio, usar alcohol gel y mantener la distancia f\u00edsica en todo\nmomento.<\/p>\n\n\n\n<p>La Coordinadora Regional de Senama de la regi\u00f3n de Magallanes y Ant\u00e1rtica\nChilena, se\u00f1al\u00f3 al respecto que \u201cdesde SENAMA contamos con nuestro Fono Mayor\n800 400 035 para apoyar este proceso, aclarando dudas sobre los lugares de\nvotaci\u00f3n, las cosas que deben llevar las personas mayores para sufragar y las\nmedidas sanitarias establecidas. Invito a los adultos mayores a ejercer su\nderecho a voto con la certeza de que se cumplir\u00e1n todas las condiciones para\nque sea un proceso seguro\u201d.<\/p>\n\n\n\n<p>Por su parte la Seremi de Desarrollo Social y Familia de la regi\u00f3n de Magallanes y Ant\u00e1rtica\nChilena, indic\u00f3 que \u201cuna de las razones por las cuales nuestro Gobierno impuls\u00f3\npara que las elecciones se llevaran a cabo en dos d\u00edas fue, para proteger la\nsalud de la poblaci\u00f3n y para garantizar la participaci\u00f3n de forma segura de las\npersonas mayores, quienes de forma ejemplar han contribuido al fortalecimiento\ndemocr\u00e1tico en Chile. Tenemos la convicci\u00f3n que todas las medidas sanitarias\nque se est\u00e1n adoptando ayudar\u00e1n a que todos podamos cumplir este derecho\nciudadano\u201d. <\/p>\n\n\n\n<p><strong>Las\nautoridades recordaron que para poder votar deben llevar su c\u00e9dula de identidad\no pasaporte, los que pueden utilizarse pese a estar vencidos, siempre y cuando\nel tiempo no supere los 12 meses a la fecha de las elecciones.<\/strong><\/p>\n\n\n\n<p><strong>En tanto el\nServel, hizo un llamado para que los adultos mayores puedan concurrir a votar\nentre las 14 y las 18 horas del s\u00e1bado, donde se estima que el flujo de\npersonas ser\u00e1 menor. <\/strong><\/p>\n\n\n\n<p>Las personas mayores que lo requieran podr\u00e1n utilizar el voto asistido, en\nel cual pueden pedir ayuda de alguna persona de su confianza que sea mayor de\nedad o al Presidente de Mesa, quien podr\u00e1 acompa\u00f1arlo a la c\u00e1mara secreta.\nAsimismo se han dispuesto c\u00e1maras secretas inclusivas, m\u00e1s anchas para el\ningreso de sillas de ruedas.<\/p>\n\n\n\n<p>Recordamos tambi\u00e9n que tanto personas mayores como sus cuidadores pueden\nexcusarse de ser vocales de mesa. <\/p>\n\n\n\n<p><strong>10 COSAS QUE DEBES SABER\nDE LAS ELECCIONES DEL 15-16 DE MAYO 2021<\/strong><strong><\/strong><\/p>\n\n\n\n<p>1.&nbsp;&nbsp;&nbsp;&nbsp;&nbsp;&nbsp;&nbsp;Llevar\ntu propio l\u00e1piz pasta azul para votar y firmar el padr\u00f3n de mesa.<\/p>\n\n\n\n<p>2.&nbsp;&nbsp;&nbsp;&nbsp;&nbsp;&nbsp;&nbsp;El\nhorario de votaci\u00f3n ser\u00e1 desde las 8.00 a las 18.00 hrs. <strong>El Servel recomienda a las personas mayores acudir entre las 14 y 18\nhoras del s\u00e1bado, ya que se espera que en ese horario exista un menor flujo de\npersonas sufragando.<\/strong><strong><\/strong><\/p>\n\n\n\n<p>3.&nbsp;&nbsp;&nbsp;&nbsp;&nbsp;&nbsp;&nbsp;Existir\u00e1\natenci\u00f3n preferencial para personas de 60 a\u00f1os o m\u00e1s durante ambas jornadas de\nelecciones.<\/p>\n\n\n\n<p>4.&nbsp;&nbsp;&nbsp;&nbsp;&nbsp;&nbsp;&nbsp;Se\naconseja acudir al local de votaci\u00f3n sin acompa\u00f1ante, a menos que sea necesaria\nla asistencia para votar.<\/p>\n\n\n\n<p>5.&nbsp;&nbsp;&nbsp;&nbsp;&nbsp;&nbsp;&nbsp;Usar\nmascarilla en todo momento. Solo debes retirarla durante 3 segundos para\nverificar tu identidad al momento que te lo solicite el presidente de la mesa.<\/p>\n\n\n\n<p>6.&nbsp;&nbsp;&nbsp;&nbsp;&nbsp;&nbsp;&nbsp;Higienizar\ntus manos antes y despu\u00e9s de votar con tu propio alcohol gel o el dispuesto en\nlos locales de votaci\u00f3n.<\/p>\n\n\n\n<p>7.&nbsp;&nbsp;&nbsp;&nbsp;&nbsp;&nbsp;&nbsp;Respetar\nlas filas y la distancia f\u00edsica, esto es, a lo menos un metro con los vocales\nde mesa y los otros electores, as\u00ed como con todas las personas que se\nencuentren dentro y fuera del local de votaci\u00f3n.<\/p>\n\n\n\n<p>8.&nbsp;&nbsp;&nbsp;&nbsp;&nbsp;&nbsp;&nbsp;Evitar\naglomeraciones al interior o en las afueras de los locales de votaci\u00f3n. Una vez\nque hayas votado, regresa inmediatamente a tu domicilio.<\/p>\n\n\n\n<p>9.&nbsp;&nbsp;&nbsp;&nbsp;&nbsp;&nbsp;&nbsp;Si\ntienes 60 a\u00f1os o m\u00e1s y eres designado vocal de mesa por las Juntas Electorales,\npuedes excusarte.<\/p>\n\n\n\n<p>10.&nbsp;&nbsp;&nbsp;Tu\nlocal de votaci\u00f3n puede haber cambiado, te aconsejamos revisarlo en servel.cl o\nllamando al Fono Mayor (800 400 035) de SENAMA.<strong><\/strong><\/p>\n","protected":false},"excerpt":{"rendered":"<p>Para promover la participaci\u00f3n de las personas mayores en las elecciones de este fin de semana, donde se elegir\u00e1n gobernadores, alcaldes, concejales y constituyentes, la coordinador regional del Servicio Nacional&#8230; <a class=\"read-more\" href=\"https:\/\/www.radiopresidenteibanez.cl\/web\/senama-entrega-recomendaciones-para-personas-mayores-ante-elecciones-del-proximo-fin-de-semana\/\">Leer m\u00e1s<\/a><\/p>\n","protected":false},"author":2,"featured_media":20712,"comment_status":"closed","ping_status":"closed","sticky":false,"template":"","format":"standard","meta":{"footnotes":""},"categories":[1],"tags":[],"class_list":["post-20711","post","type-post","status-publish","format-standard","has-post-thumbnail","hentry","category-cronica"],"_links":{"self":[{"href":"https:\/\/www.radiopresidenteibanez.cl\/web\/wp-json\/wp\/v2\/posts\/20711","targetHints":{"allow":["GET"]}}],"collection":[{"href":"https:\/\/www.radiopresidenteibanez.cl\/web\/wp-json\/wp\/v2\/posts"}],"about":[{"href":"https:\/\/www.radiopresidenteibanez.cl\/web\/wp-json\/wp\/v2\/types\/post"}],"author":[{"embeddable":true,"href":"https:\/\/www.radiopresidenteibanez.cl\/web\/wp-json\/wp\/v2\/users\/2"}],"replies":[{"embeddable":true,"href":"https:\/\/www.radiopresidenteibanez.cl\/web\/wp-json\/wp\/v2\/comments?post=20711"}],"version-history":[{"count":0,"href":"https:\/\/www.radiopresidenteibanez.cl\/web\/wp-json\/wp\/v2\/posts\/20711\/revisions"}],"wp:featuredmedia":[{"embeddable":true,"href":"https:\/\/www.radiopresidenteibanez.cl\/web\/wp-json\/wp\/v2\/media\/20712"}],"wp:attachment":[{"href":"https:\/\/www.radiopresidenteibanez.cl\/web\/wp-json\/wp\/v2\/media?parent=20711"}],"wp:term":[{"taxonomy":"category","embeddable":true,"href":"https:\/\/www.radiopresidenteibanez.cl\/web\/wp-json\/wp\/v2\/categories?post=20711"},{"taxonomy":"post_tag","embeddable":true,"href":"https:\/\/www.radiopresidenteibanez.cl\/web\/wp-json\/wp\/v2\/tags?post=20711"}],"curies":[{"name":"wp","href":"https:\/\/api.w.org\/{rel}","templated":true}]}}