{"id":20708,"date":"2021-05-14T02:45:00","date_gmt":"2021-05-14T02:45:00","guid":{"rendered":"https:\/\/www.radiopresidenteibanez.cl\/web\/?p=20708"},"modified":"2021-05-13T16:50:42","modified_gmt":"2021-05-13T16:50:42","slug":"fragata-almirante-latorre-y-helicoptero-naval-del-grupo-aeronaval-sur-realizan-fiscalizacion-a-flota-pesquera-internacional-en-estrecho-de-magallanes","status":"publish","type":"post","link":"https:\/\/www.radiopresidenteibanez.cl\/web\/fragata-almirante-latorre-y-helicoptero-naval-del-grupo-aeronaval-sur-realizan-fiscalizacion-a-flota-pesquera-internacional-en-estrecho-de-magallanes\/","title":{"rendered":"FRAGATA ALMIRANTE LATORRE Y HELIC\u00d3PTERO NAVAL DEL GRUPO AERONAVAL SUR REALIZAN FISCALIZACI\u00d3N A FLOTA PESQUERA INTERNACIONAL EN ESTRECHO DE MAGALLANES"},"content":{"rendered":"\n<p>En el marco del despliegue permanente de unidades navales en tareas vinculadas a las \u00e1reas de misi\u00f3n de Seguridad e Intereses mar\u00edtimos y Desarrollo Nacional y acci\u00f3n del Estado, unidades de superficie y aeronavales de la Armada de Chile realizaron fiscalizaci\u00f3n a naves de la Flota Pesquera Internacional, la cual se encuentra efectuando cambio de zona de pesca del Oc\u00e9ano Atl\u00e1ntico al Oc\u00e9ano Pac\u00edfico v\u00eda Estrecho de Magallanes.<\/p>\n\n\n\n<p>Es de esta manera que en el Estrecho de Magallanes la Fragata FFG 14 \u201cAlmirante Latorre\u201d en conjunto con el Helic\u00f3ptero Naval 57 del Grupo Aeronaval Sur, realizaron fiscalizaci\u00f3n de las naves pesqueras en el sector de Le\u00f1adura.<\/p>\n\n\n\n<p>El Comandante de la FFG 14 \u201cAlmirante Latorre\u201d, Capit\u00e1n de Fragata Rafael Letelier Widow, se\u00f1al\u00f3 que \u201cnos encontramos fiscalizando el tr\u00e1nsito de la Flota Pesquera Internacional en su desplazamiento anual, esta operaci\u00f3n es parte de las actividades de la Unidad en el Teatro de Operaci\u00f3n Austral, formando parte de las tareas habituales de la Armada de Chile de fiscalizaci\u00f3n pesquera en resguardo de los intereses territoriales\u201d.<\/p>\n\n\n\n<p>La FFG 14 \u201cAlmirante Latorre\u201d con un poco m\u00e1s de un a\u00f1o de servicio en la Instituci\u00f3n, siendo una Unidad de la Clase&nbsp; \u201cAdelaida\u201d, tiene un desplazamiento de 4267 toneladas, una eslora de 138 metros y 14,3 metros de manga, contando con diferentes sistemas de armas y una velocidad m\u00e1xima de 30 nudos, lo equivalente a 54 kil\u00f3metros por hora, lo que hace una unidad polivalente para cumplir m\u00faltiples tareas en distintas \u00e1reas de operaci\u00f3n.<\/p>\n\n\n\n<p>El Comandante del Grupo Aeronaval Sur, Capit\u00e1n de Fragata Sebasti\u00e1n Palacios Rius, coment\u00f3 que \u201cel vuelo de fiscalizaci\u00f3n pesquera, realizada en conjunto con la Fragata \u201cAlmirante Latorre\u201d, permiti\u00f3 verificar el cumplimiento de la normativa de la Flota Pesquera Internacional, esto en el marco del cruce por el Estrecho de Magallanes a su nueva \u00e1rea de operaci\u00f3n\u201d, complementando que \u201cnuestra labor principal es verificar el cumplimiento de las normativas por parte de esta flota, tanto para que no efect\u00faen pesca ilegal ni que realicen contaminaci\u00f3n a nuestras aguas interiores\u201d.<\/p>\n\n\n\n<p>El Grupo Aeronaval Sur despleg\u00f3 para este operativo al Helic\u00f3ptero Naval 57, tipo HH 65 \u201cDauphin\u201d, el cual cumple tareas multidimensionales de Enlace, Polic\u00eda Mar\u00edtima y B\u00fasqueda y Salvamento, contando con una velocidad m\u00e1xima de 175 nudos, lo equivalente a 315 kil\u00f3metros por hora.<\/p>\n\n\n\n<p>El tr\u00e1nsito de la Flota Pesquera Internacional desde su \u00e1rea de operaciones en el Oc\u00e9ano Atl\u00e1ntico al Pac\u00edfico se realizar\u00e1 entre los meses de mayo a julio, considerando adem\u00e1s un trabajo coordinado con reparticiones de la Autoridad Mar\u00edtima, como es el caso de la Capitan\u00eda de Puerto Primera Angostura, en donde se coordina el embarco de pr\u00e1cticos para el establecimiento de convoyes, as\u00ed como el constante control y monitoreo por parte de la Gobernaci\u00f3n Mar\u00edtima de Punta Arenas.<\/p>\n\n\n\n<p>Es de esta manera que la Armada de Chile se encuentra cumpliendo tareas operativas constantes en todo el territorio nacional, desde el extremo norte al Territorio Chileno Ant\u00e1rtico, desplegando diferentes capacidades con el objetivo de resguardar la Seguridad e Intereses Territoriales, aportando a la mantenci\u00f3n de rutas mar\u00edtimas seguras para el intercambio comercial aportando al Desarrollo Nacional y accionar del Estado, as\u00ed como proyectando la pol\u00edtica exterior de Chile, resguardando el cumplimiento de protocolos y acuerdos internacionales en materias de fiscalizaci\u00f3n pesquera, b\u00fasqueda y salvamento mar\u00edtimo, protegiendo y resguardando los altos intereses de la Patria en las zonas aisladas de nuestro territorio nacional.<\/p>\n","protected":false},"excerpt":{"rendered":"<p>En el marco del despliegue permanente de unidades navales en tareas vinculadas a las \u00e1reas de misi\u00f3n de Seguridad e Intereses mar\u00edtimos y Desarrollo Nacional y acci\u00f3n del Estado, unidades&#8230; <a class=\"read-more\" href=\"https:\/\/www.radiopresidenteibanez.cl\/web\/fragata-almirante-latorre-y-helicoptero-naval-del-grupo-aeronaval-sur-realizan-fiscalizacion-a-flota-pesquera-internacional-en-estrecho-de-magallanes\/\">Leer m\u00e1s<\/a><\/p>\n","protected":false},"author":2,"featured_media":20709,"comment_status":"closed","ping_status":"closed","sticky":false,"template":"","format":"standard","meta":{"footnotes":""},"categories":[1],"tags":[],"class_list":["post-20708","post","type-post","status-publish","format-standard","has-post-thumbnail","hentry","category-cronica"],"_links":{"self":[{"href":"https:\/\/www.radiopresidenteibanez.cl\/web\/wp-json\/wp\/v2\/posts\/20708","targetHints":{"allow":["GET"]}}],"collection":[{"href":"https:\/\/www.radiopresidenteibanez.cl\/web\/wp-json\/wp\/v2\/posts"}],"about":[{"href":"https:\/\/www.radiopresidenteibanez.cl\/web\/wp-json\/wp\/v2\/types\/post"}],"author":[{"embeddable":true,"href":"https:\/\/www.radiopresidenteibanez.cl\/web\/wp-json\/wp\/v2\/users\/2"}],"replies":[{"embeddable":true,"href":"https:\/\/www.radiopresidenteibanez.cl\/web\/wp-json\/wp\/v2\/comments?post=20708"}],"version-history":[{"count":0,"href":"https:\/\/www.radiopresidenteibanez.cl\/web\/wp-json\/wp\/v2\/posts\/20708\/revisions"}],"wp:featuredmedia":[{"embeddable":true,"href":"https:\/\/www.radiopresidenteibanez.cl\/web\/wp-json\/wp\/v2\/media\/20709"}],"wp:attachment":[{"href":"https:\/\/www.radiopresidenteibanez.cl\/web\/wp-json\/wp\/v2\/media?parent=20708"}],"wp:term":[{"taxonomy":"category","embeddable":true,"href":"https:\/\/www.radiopresidenteibanez.cl\/web\/wp-json\/wp\/v2\/categories?post=20708"},{"taxonomy":"post_tag","embeddable":true,"href":"https:\/\/www.radiopresidenteibanez.cl\/web\/wp-json\/wp\/v2\/tags?post=20708"}],"curies":[{"name":"wp","href":"https:\/\/api.w.org\/{rel}","templated":true}]}}