{"id":20705,"date":"2021-05-14T02:30:00","date_gmt":"2021-05-14T02:30:00","guid":{"rendered":"https:\/\/www.radiopresidenteibanez.cl\/web\/?p=20705"},"modified":"2021-05-13T16:47:54","modified_gmt":"2021-05-13T16:47:54","slug":"seremi-s-de-salud-eduardo-castillo-visita-puerto-natales-para-reforzar-estrategia-tta","status":"publish","type":"post","link":"https:\/\/www.radiopresidenteibanez.cl\/web\/seremi-s-de-salud-eduardo-castillo-visita-puerto-natales-para-reforzar-estrategia-tta\/","title":{"rendered":"SEREMI (S) DE SALUD EDUARDO CASTILLO VISITA PUERTO NATALES PARA REFORZAR ESTRATEGIA TTA"},"content":{"rendered":"\n<p>El Seremi (s) de Salud,\nEduardo Castillo visit\u00f3 la provincia de \u00daltima Esperanza a fin de constatar en\nterreno la actual situaci\u00f3n epidemiol\u00f3gica de la provincia, la cual evidencia\nun aumento sostenido de casos, en su mayor\u00eda en la comuna de Puerto Natales. De\nesta forma, reforzar junto a la oficina provincial, la estrategia de Testeo,\nTrazabilidad y Aislamiento. <\/p>\n\n\n\n<p>Su visita se inici\u00f3 con la\nentrega de informaci\u00f3n sobre el Ingreso Familiar de Emergencia a los equipos\ncl\u00ednicos de la Residencia Sanitaria Martin Gusinde, reforzando el mensaje para\nque el personal de salud pueda dar a conocer sobre el beneficio a usuarios\/as\nque hacen uso de esta estrategia de aislamiento. Posteriormente, la Autoridad\nSanitaria visit\u00f3 el centro de trazabilidad de Puerto Natales, acompa\u00f1ado por\nla&nbsp; SEREMI de Desarrollo Social, Liz\nCasanueva&nbsp; y la Gobernadora de la\nProvincia&nbsp; Ericka Farias, para continuar\ncon la difusi\u00f3n sobre IFE&nbsp; y&nbsp; la ampliaci\u00f3n del proceso de postulaci\u00f3n\ndurante el mes de mayo. De esta forma ampliar el n\u00famero de beneficiados en esta\nayuda gubernamental.<\/p>\n\n\n\n<p>Durante la tarde, y como\nforma de robustecer la participaci\u00f3n por parte de la comunidad, el Seremi\nCastillo concurri\u00f3 a&nbsp; una B\u00fasqueda Activa\nde Casos, ubicada en la plaza O\u00b4Higgins, haciendo el llamado a participar del\ntesteo gratuito y voluntario a todas las personas asintom\u00e1ticas. Al respecto\nse\u00f1al\u00f3: \u201cEstamos preocupados y ocupados de la situaci\u00f3n en Puerto Natales que\nse encuentra en cuarentena y tambi\u00e9n por el aumento sostenidos de casos durante\nlas \u00faltimas tres semanas\u201d.<\/p>\n\n\n\n<p>&nbsp;En el marco de su visita, la Autoridad\nSanitaria se reuni\u00f3 con el equipo de la oficina provincial, instancia en la que\npudo verificar procesos y refuerzo de acci\u00f3n para contener propagaci\u00f3n viral,\n\u201cTuvimos reuniones t\u00e9cnicas con el equipo provincial para reforzar la\nestrategia de Testeo, Trazabilidad y Aislamiento y poder entregar informaci\u00f3n a\nlas autoridades. En conjunto a esto, estamos desde el d\u00eda de ayer junto a la\nSerem\u00eda de Desarrollo Social estamos promocionado el Ingreso Familiar de\nEmergencia, que es una herramienta que nos va a ayudar sanitariamente a que las\nfamilias puedan estar en cuarentena y quedarse en casa. Este ingreso tiene una\nfunci\u00f3n social pero tambi\u00e9n sanitaria ya que ayuda a disminuir la movilidad\u201d.<\/p>\n\n\n\n<p>En tanto, la gobernadora de\nla Provincia de \u00daltima Esperanza, Ericka Farias agradeci\u00f3 la visita de la\nAutoridad Sanitaria, recalcando que: \u201cPudimos visitar las residencias\nsanitarias de Natales, as\u00ed como el Centro de Trazabilidad, adem\u00e1s de reunirnos\ncon los equipos t\u00e9cnicos para abordar la situaci\u00f3n epidemiol\u00f3gica de la comuna.\nAgradezco la visita del Seremi Castillo porque nos ayud\u00f3 a hacer un llamado a\nla comunidad para reforzar las medidas de autocuidado, y eso para nosotros es\nmuy importante, ya que respetando las indicaciones de salud, podremos salir de\nla cuarentena en que nos encontramos\u201d.<\/p>\n\n\n\n<p>Finalmente, el Seremi (s)\nEduardo Castillo hizo un llamado a la comunidad natalina a colocar su m\u00e1ximo\nesfuerzo, no s\u00f3lo en vacunarse, sino que tambi\u00e9n en cuidarse y reducir la\nmovilidad. El aumento de casos en esta comuna durante las&nbsp; \u00faltimas&nbsp;\ntres semanas, presenta una evoluci\u00f3n al alza con 82 casos totales entre\nel 19 y 25 de abril, 128 entre el 26 de abril al 2 de mayo y 185 del 3 al 9 de\nmayo, durante los \u00faltimos siete d\u00edas la variaci\u00f3n es&nbsp; de 45% m\u00e1s. \u201cQueremos entregar palabras de\nesperanza, estamos con un proceso de vacunaci\u00f3n avanzado, una estrategia\nfortalecida, por lo que necesitamos durante estas dos semanas disminuir la\nmovilidad de todas las personas y estamos seguros que esto nos va a ayudar a\nreducir los casos positivos\u201d, finaliz\u00f3 la autoridad. <\/p>\n","protected":false},"excerpt":{"rendered":"<p>El Seremi (s) de Salud, Eduardo Castillo visit\u00f3 la provincia de \u00daltima Esperanza a fin de constatar en terreno la actual situaci\u00f3n epidemiol\u00f3gica de la provincia, la cual evidencia un&#8230; <a class=\"read-more\" href=\"https:\/\/www.radiopresidenteibanez.cl\/web\/seremi-s-de-salud-eduardo-castillo-visita-puerto-natales-para-reforzar-estrategia-tta\/\">Leer m\u00e1s<\/a><\/p>\n","protected":false},"author":2,"featured_media":20706,"comment_status":"closed","ping_status":"closed","sticky":false,"template":"","format":"standard","meta":{"footnotes":""},"categories":[1],"tags":[],"class_list":["post-20705","post","type-post","status-publish","format-standard","has-post-thumbnail","hentry","category-cronica"],"_links":{"self":[{"href":"https:\/\/www.radiopresidenteibanez.cl\/web\/wp-json\/wp\/v2\/posts\/20705","targetHints":{"allow":["GET"]}}],"collection":[{"href":"https:\/\/www.radiopresidenteibanez.cl\/web\/wp-json\/wp\/v2\/posts"}],"about":[{"href":"https:\/\/www.radiopresidenteibanez.cl\/web\/wp-json\/wp\/v2\/types\/post"}],"author":[{"embeddable":true,"href":"https:\/\/www.radiopresidenteibanez.cl\/web\/wp-json\/wp\/v2\/users\/2"}],"replies":[{"embeddable":true,"href":"https:\/\/www.radiopresidenteibanez.cl\/web\/wp-json\/wp\/v2\/comments?post=20705"}],"version-history":[{"count":0,"href":"https:\/\/www.radiopresidenteibanez.cl\/web\/wp-json\/wp\/v2\/posts\/20705\/revisions"}],"wp:featuredmedia":[{"embeddable":true,"href":"https:\/\/www.radiopresidenteibanez.cl\/web\/wp-json\/wp\/v2\/media\/20706"}],"wp:attachment":[{"href":"https:\/\/www.radiopresidenteibanez.cl\/web\/wp-json\/wp\/v2\/media?parent=20705"}],"wp:term":[{"taxonomy":"category","embeddable":true,"href":"https:\/\/www.radiopresidenteibanez.cl\/web\/wp-json\/wp\/v2\/categories?post=20705"},{"taxonomy":"post_tag","embeddable":true,"href":"https:\/\/www.radiopresidenteibanez.cl\/web\/wp-json\/wp\/v2\/tags?post=20705"}],"curies":[{"name":"wp","href":"https:\/\/api.w.org\/{rel}","templated":true}]}}