{"id":20702,"date":"2021-05-14T02:15:00","date_gmt":"2021-05-14T02:15:00","guid":{"rendered":"https:\/\/www.radiopresidenteibanez.cl\/web\/?p=20702"},"modified":"2021-05-13T16:42:48","modified_gmt":"2021-05-13T16:42:48","slug":"hospital-de-puerto-natales-celebro-a-enfermeros-y-enfermeras-en-el-dia-internacional-de-la-profesion","status":"publish","type":"post","link":"https:\/\/www.radiopresidenteibanez.cl\/web\/hospital-de-puerto-natales-celebro-a-enfermeros-y-enfermeras-en-el-dia-internacional-de-la-profesion\/","title":{"rendered":"HOSPITAL DE PUERTO NATALES CELEBR\u00d3 A ENFERMEROS Y ENFERMERAS EN EL D\u00cdA INTERNACIONAL DE LA PROFESI\u00d3N"},"content":{"rendered":"\n<p><strong>El D\u00eda Internacional de la\nEnfermer\u00eda<\/strong>&nbsp;se celebra el\n12 de mayo con motivo del nacimiento de&nbsp;<strong>Florence Nightingale<\/strong>&nbsp;(1820-1910),\npionera en ense\u00f1anza y educaci\u00f3n de la profesi\u00f3n. &nbsp;Una celebraci\u00f3n, hoy, con un significado m\u00e1s\nrelevante a ra\u00edz de la crisis sanitaria que se vive a nivel mundial. <\/p>\n\n\n\n<p>En medio de esta contingencia sanitaria, nuestros\nenfermeros y enfermeras han jugado un rol fundamental en las labores que desempe\u00f1an\nal interior de nuestro recinto hospitalario; demostrando una gran capacidad de\nadaptaci\u00f3n, compromiso con la salud p\u00fablica, valent\u00eda y entereza para afrontar\nla pandemia en primera l\u00ednea, centrando completamente sus esfuerzos en el\ncuidado del paciente en todo momento.<\/p>\n\n\n\n<p>En ese contexto, la subdirectora (S) de Gesti\u00f3n y\nCuidado de Enfermer\u00eda, Francy \u00c1lvarez, entreg\u00f3 un c\u00e1lido mensaje a todos los\nenfermeros y enfermeras en este d\u00eda tan especial para la profesi\u00f3n. \u201cQuisiera\nentregar un afectuoso saludo a todos mis colegas, quienes con valent\u00eda y\ndedicaci\u00f3n se han avocado completamente a la labor de la profesi\u00f3n. Quiero reconocer\ny entregar un agradecimiento por todo trabajo que han hecho durante esta\npandemia, lo que ha implicado esfuerzos personales donde muchos de ustedes han\nentregado todo su afecto y cari\u00f1o, especialmente a nuestros pacientes\u201d, se\u00f1al\u00f3 \u00c1lvarez<\/p>\n\n\n\n<p>Por su parte, el director del\nHospital de Natales, Dr. Darwin Letelier Escobar, manifest\u00f3 la importancia de\nla profesi\u00f3n al interior del recinto hospitalario, resaltando el \u00edmpetu, la\nfuerza y la vehemencia con la que ejecutan diversas funciones en salud p\u00fablica;\nentregando as\u00ed un afectuoso saludo a todos los enfermeros y enfermeras del\nhospital Augusto Essmann Burgos. <\/p>\n","protected":false},"excerpt":{"rendered":"<p>El D\u00eda Internacional de la Enfermer\u00eda&nbsp;se celebra el 12 de mayo con motivo del nacimiento de&nbsp;Florence Nightingale&nbsp;(1820-1910), pionera en ense\u00f1anza y educaci\u00f3n de la profesi\u00f3n. &nbsp;Una celebraci\u00f3n, hoy, con un&#8230; <a class=\"read-more\" href=\"https:\/\/www.radiopresidenteibanez.cl\/web\/hospital-de-puerto-natales-celebro-a-enfermeros-y-enfermeras-en-el-dia-internacional-de-la-profesion\/\">Leer m\u00e1s<\/a><\/p>\n","protected":false},"author":2,"featured_media":20703,"comment_status":"closed","ping_status":"closed","sticky":false,"template":"","format":"standard","meta":{"footnotes":""},"categories":[1],"tags":[],"class_list":["post-20702","post","type-post","status-publish","format-standard","has-post-thumbnail","hentry","category-cronica"],"_links":{"self":[{"href":"https:\/\/www.radiopresidenteibanez.cl\/web\/wp-json\/wp\/v2\/posts\/20702","targetHints":{"allow":["GET"]}}],"collection":[{"href":"https:\/\/www.radiopresidenteibanez.cl\/web\/wp-json\/wp\/v2\/posts"}],"about":[{"href":"https:\/\/www.radiopresidenteibanez.cl\/web\/wp-json\/wp\/v2\/types\/post"}],"author":[{"embeddable":true,"href":"https:\/\/www.radiopresidenteibanez.cl\/web\/wp-json\/wp\/v2\/users\/2"}],"replies":[{"embeddable":true,"href":"https:\/\/www.radiopresidenteibanez.cl\/web\/wp-json\/wp\/v2\/comments?post=20702"}],"version-history":[{"count":0,"href":"https:\/\/www.radiopresidenteibanez.cl\/web\/wp-json\/wp\/v2\/posts\/20702\/revisions"}],"wp:featuredmedia":[{"embeddable":true,"href":"https:\/\/www.radiopresidenteibanez.cl\/web\/wp-json\/wp\/v2\/media\/20703"}],"wp:attachment":[{"href":"https:\/\/www.radiopresidenteibanez.cl\/web\/wp-json\/wp\/v2\/media?parent=20702"}],"wp:term":[{"taxonomy":"category","embeddable":true,"href":"https:\/\/www.radiopresidenteibanez.cl\/web\/wp-json\/wp\/v2\/categories?post=20702"},{"taxonomy":"post_tag","embeddable":true,"href":"https:\/\/www.radiopresidenteibanez.cl\/web\/wp-json\/wp\/v2\/tags?post=20702"}],"curies":[{"name":"wp","href":"https:\/\/api.w.org\/{rel}","templated":true}]}}