{"id":20699,"date":"2021-05-14T02:00:00","date_gmt":"2021-05-14T02:00:00","guid":{"rendered":"https:\/\/www.radiopresidenteibanez.cl\/web\/?p=20699"},"modified":"2021-05-13T16:30:03","modified_gmt":"2021-05-13T16:30:03","slug":"seremi-de-vivienda-y-urbanismo-inspecciono-primeras-obras-de-pavimentacion-en-villa-ponsomby-de-rio-verde","status":"publish","type":"post","link":"https:\/\/www.radiopresidenteibanez.cl\/web\/seremi-de-vivienda-y-urbanismo-inspecciono-primeras-obras-de-pavimentacion-en-villa-ponsomby-de-rio-verde\/","title":{"rendered":"SEREMI DE VIVIENDA Y URBANISMO INSPECCION\u00d3 PRIMERAS OBRAS DE PAVIMENTACI\u00d3N EN VILLA PONSOMBY DE R\u00cdO VERDE"},"content":{"rendered":"\n<p>Coincidiendo con las primeras obras de pavimentaci\u00f3n participativa que se est\u00e1n ejecutando en Villa Ponsomby, comuna de R\u00edo Verde, el seremi de Vivienda y Urbanismo,&nbsp;<strong>Jos\u00e9 Miguel Horcos<\/strong>, en conjunto con la alcaldesa subrogante,<strong>&nbsp;Katherine Leyton<\/strong>, realizaron una visita inspectiva a los trabajos, con el fin de consignar aspectos relativos al desarrollo del proyecto, de manera que estas cumplan con los est\u00e1ndares requeridos por los vecinos del sector.<\/p>\n\n\n\n<p>Seg\u00fan destac\u00f3 Katherine Leyton, Secretaria Comunal de Planificaci\u00f3n de la Ilustre Municipalidad de R\u00edo Verde y en calidad de alcaldesa subrogante, \u201cMe parece muy bien que el seremi de Vivienda nos d\u00e9 soluciones, por ejemplo, con respecto al tipo de luminarias; nos encontramos tambi\u00e9n con una c\u00e1mara en la calzada, y d\u00e1ndonos opciones de poder solucionarlo; eso para nosotros es importante de manera de poder avanzar en el proyecto con la empresa que hoy d\u00eda est\u00e1 ejecutando\u201d.&nbsp;&nbsp;<\/p>\n\n\n\n<p>Con un monto de contrato de 371 millones de pesos y 399 metros lineales de nuevas arterias, la iniciativa considera aceras, calzadas y soleras rebajadas para accesibilidad universal, usando adoquines articulados y adoc\u00e9sped para realzar la imagen patrimonial del villorrio.<\/p>\n\n\n\n<p>En este sentido, el seremi Horcos manifest\u00f3 que \u201cTal como nos ha encomendado nuestro ministro Felipe Ward, m\u00e1s territorio y menos escritorio, debemos cautelar el desarrollo de los trabajos en R\u00edo Verde, donde por primera vez se van a pavimentar algunas calles centrales del sector, y lo m\u00e1s importante, es que son pavimentos articulados que respetan el entorno de la localidad, con un paisaje esc\u00e9nico precioso\u201d.<\/p>\n\n\n\n<p>Asimismo, gracias a una serie de avances paralelos impulsados por el Gobierno en materia de conectividad, R\u00edo Verde est\u00e1 potenciando su vocaci\u00f3n de comuna tur\u00edstica, raz\u00f3n por la cual se procur\u00f3 que sus pavimentos no consistieran en calzadas comunes de hormig\u00f3n, sino que respetaran la pertinencia del lugar, con un dise\u00f1o acorde a su arquitectura, y actualizando su urbanizaci\u00f3n sin perder su identidad rural.<\/p>\n\n\n\n<p>Katherine Leyton agreg\u00f3 que \u201cEste proyecto para nosotros es muy importante, porque implica una consolidaci\u00f3n de la villa municipal, entendiendo que es un \u00e1rea de servicios para la comunidad, desde la municipalidad, biblioteca, escuela, o la posta, por tanto, tener un proyecto de pavimentaci\u00f3n con iluminaci\u00f3n genera mucha m\u00e1s cercan\u00eda y seguridad para la gente ac\u00e1 en la comuna\u201d.<\/p>\n","protected":false},"excerpt":{"rendered":"<p>Coincidiendo con las primeras obras de pavimentaci\u00f3n participativa que se est\u00e1n ejecutando en Villa Ponsomby, comuna de R\u00edo Verde, el seremi de Vivienda y Urbanismo,&nbsp;Jos\u00e9 Miguel Horcos, en conjunto con&#8230; <a class=\"read-more\" href=\"https:\/\/www.radiopresidenteibanez.cl\/web\/seremi-de-vivienda-y-urbanismo-inspecciono-primeras-obras-de-pavimentacion-en-villa-ponsomby-de-rio-verde\/\">Leer m\u00e1s<\/a><\/p>\n","protected":false},"author":2,"featured_media":20700,"comment_status":"closed","ping_status":"closed","sticky":false,"template":"","format":"standard","meta":{"footnotes":""},"categories":[1],"tags":[],"class_list":["post-20699","post","type-post","status-publish","format-standard","has-post-thumbnail","hentry","category-cronica"],"_links":{"self":[{"href":"https:\/\/www.radiopresidenteibanez.cl\/web\/wp-json\/wp\/v2\/posts\/20699","targetHints":{"allow":["GET"]}}],"collection":[{"href":"https:\/\/www.radiopresidenteibanez.cl\/web\/wp-json\/wp\/v2\/posts"}],"about":[{"href":"https:\/\/www.radiopresidenteibanez.cl\/web\/wp-json\/wp\/v2\/types\/post"}],"author":[{"embeddable":true,"href":"https:\/\/www.radiopresidenteibanez.cl\/web\/wp-json\/wp\/v2\/users\/2"}],"replies":[{"embeddable":true,"href":"https:\/\/www.radiopresidenteibanez.cl\/web\/wp-json\/wp\/v2\/comments?post=20699"}],"version-history":[{"count":0,"href":"https:\/\/www.radiopresidenteibanez.cl\/web\/wp-json\/wp\/v2\/posts\/20699\/revisions"}],"wp:featuredmedia":[{"embeddable":true,"href":"https:\/\/www.radiopresidenteibanez.cl\/web\/wp-json\/wp\/v2\/media\/20700"}],"wp:attachment":[{"href":"https:\/\/www.radiopresidenteibanez.cl\/web\/wp-json\/wp\/v2\/media?parent=20699"}],"wp:term":[{"taxonomy":"category","embeddable":true,"href":"https:\/\/www.radiopresidenteibanez.cl\/web\/wp-json\/wp\/v2\/categories?post=20699"},{"taxonomy":"post_tag","embeddable":true,"href":"https:\/\/www.radiopresidenteibanez.cl\/web\/wp-json\/wp\/v2\/tags?post=20699"}],"curies":[{"name":"wp","href":"https:\/\/api.w.org\/{rel}","templated":true}]}}