{"id":20696,"date":"2021-05-13T16:13:52","date_gmt":"2021-05-13T16:13:52","guid":{"rendered":"https:\/\/www.radiopresidenteibanez.cl\/web\/?p=20696"},"modified":"2021-05-13T16:13:59","modified_gmt":"2021-05-13T16:13:59","slug":"voluntariado-vive-feliz-apoyara-a-personas-mayores-de-punta-arenas-a-traves-de-teleasistencia","status":"publish","type":"post","link":"https:\/\/www.radiopresidenteibanez.cl\/web\/voluntariado-vive-feliz-apoyara-a-personas-mayores-de-punta-arenas-a-traves-de-teleasistencia\/","title":{"rendered":"VOLUNTARIADO VIVE FELIZ APOYAR\u00c1 A PERSONAS MAYORES DE PUNTA ARENAS A TRAV\u00c9S DE TELEASISTENCIA"},"content":{"rendered":"\n<p>En el marco del octavo\naniversario del &nbsp;voluntariado Vive Feliz,\nse ha comprometido con un nuevo desaf\u00edo para apoyar a 30 personas mayores de\nPunta Arenas. &nbsp;Se trata de &nbsp;la puesta en marcha del piloto de Teleasistencia,\nque consiste en un servicio de asistencia profesional socio sanitaria a trav\u00e9s\nde una plataforma virtual que se instala en tel\u00e9fonos de las personas mayores,\nquienes con solo apretar un bot\u00f3n pueden recibir orientaci\u00f3n, acompa\u00f1amiento o\nasistencia. <\/p>\n\n\n\n<p>El Presidente del voluntariado\nVive Feliz, Nicol\u00e1s Soto, se\u00f1al\u00f3 sobre este plan de Teleasistencia&nbsp; que \u201cNuestro rol ha sido aportar con espacios\nde socializaci\u00f3n virtual entre los usuarios y usar\u00edas &nbsp;de este servicio, &nbsp;cuyo v\u00ednculo es necesario en tiempos de\npandemia y confinamiento, as\u00ed como tambi\u00e9n colaboraci\u00f3n en la Instalaci\u00f3n de la\naplicaci\u00f3n m\u00f3vil de quienes ser\u00e1n usuarios de esta plataforma de asistencia\u201d.<\/p>\n\n\n\n<p>Cabe destacar que este servicio para\npersonas mayores, es prestado a trav\u00e9s de Telemedcare, una empresa con\nexperiencia&nbsp; dedicada a brindar\nasistencia y seguridad a personas mayores y enfermos cr\u00f3nicos. El servicio de\nTeleasistencia es atendido por un equipo de profesionales compuesto por\nt\u00e9cnicos auxiliares en enfermer\u00eda, enfermeras, asistentes sociales, m\u00e9dicos y\nsic\u00f3logos.<\/p>\n\n\n\n<p>\u201cLas 30 personas mayores que\nser\u00e1n beneficiadas con este plan piloto de Teleasistencia, podr\u00e1n acceder a\neste servicio las 24 horas del d\u00eda y los 365 del a\u00f1o en caso de necesitarlo,\nrecibiendo apoyo, contenci\u00f3n, informaci\u00f3n y atenci\u00f3n de emergencia en distintas\nmaterias\u201d destac\u00f3 el presidente del voluntariado Vive Feliz, Nicol\u00e1s Soto.<\/p>\n\n\n\n<p>Nicol\u00e1s Soto valor\u00f3 las gestiones\nde quienes hicieron posible&nbsp; contar con\neste plan de Teleasistencia en Punta Arenas \u201cestamos muy agradecidos de la\nconfianza y consideraci\u00f3n de los gestores de esta iniciativa, el doctor Jorge\nFlies y&nbsp; Paula Forttes de la plataforma\nTelemedcare. Quienes han realizado los esfuerzos necesarios para que esta\niniciativa llegue a los hogares de las personas mayores\u201d.<\/p>\n\n\n\n<p>El Voluntariado Vive Feliz est\u00e1\ncompuesto por&nbsp; una docena de j\u00f3venes que\ntrabaja principalmente en el territorio con personas mayores de nuestra regi\u00f3n,\naportando con su ayuda a mejora la calidad de vida de nuestros adultos,\ndestacando que durante la pandemia han realizado diferentes campa\u00f1as para\nreunir alimentos y entregar canastas a m\u00e1s de 60 familias.<\/p>\n","protected":false},"excerpt":{"rendered":"<p>En el marco del octavo aniversario del &nbsp;voluntariado Vive Feliz, se ha comprometido con un nuevo desaf\u00edo para apoyar a 30 personas mayores de Punta Arenas. &nbsp;Se trata de &nbsp;la&#8230; <a class=\"read-more\" href=\"https:\/\/www.radiopresidenteibanez.cl\/web\/voluntariado-vive-feliz-apoyara-a-personas-mayores-de-punta-arenas-a-traves-de-teleasistencia\/\">Leer m\u00e1s<\/a><\/p>\n","protected":false},"author":2,"featured_media":20697,"comment_status":"closed","ping_status":"closed","sticky":false,"template":"","format":"standard","meta":{"footnotes":""},"categories":[1],"tags":[],"class_list":["post-20696","post","type-post","status-publish","format-standard","has-post-thumbnail","hentry","category-cronica"],"_links":{"self":[{"href":"https:\/\/www.radiopresidenteibanez.cl\/web\/wp-json\/wp\/v2\/posts\/20696","targetHints":{"allow":["GET"]}}],"collection":[{"href":"https:\/\/www.radiopresidenteibanez.cl\/web\/wp-json\/wp\/v2\/posts"}],"about":[{"href":"https:\/\/www.radiopresidenteibanez.cl\/web\/wp-json\/wp\/v2\/types\/post"}],"author":[{"embeddable":true,"href":"https:\/\/www.radiopresidenteibanez.cl\/web\/wp-json\/wp\/v2\/users\/2"}],"replies":[{"embeddable":true,"href":"https:\/\/www.radiopresidenteibanez.cl\/web\/wp-json\/wp\/v2\/comments?post=20696"}],"version-history":[{"count":0,"href":"https:\/\/www.radiopresidenteibanez.cl\/web\/wp-json\/wp\/v2\/posts\/20696\/revisions"}],"wp:featuredmedia":[{"embeddable":true,"href":"https:\/\/www.radiopresidenteibanez.cl\/web\/wp-json\/wp\/v2\/media\/20697"}],"wp:attachment":[{"href":"https:\/\/www.radiopresidenteibanez.cl\/web\/wp-json\/wp\/v2\/media?parent=20696"}],"wp:term":[{"taxonomy":"category","embeddable":true,"href":"https:\/\/www.radiopresidenteibanez.cl\/web\/wp-json\/wp\/v2\/categories?post=20696"},{"taxonomy":"post_tag","embeddable":true,"href":"https:\/\/www.radiopresidenteibanez.cl\/web\/wp-json\/wp\/v2\/tags?post=20696"}],"curies":[{"name":"wp","href":"https:\/\/api.w.org\/{rel}","templated":true}]}}