{"id":20691,"date":"2021-05-13T01:18:44","date_gmt":"2021-05-13T01:18:44","guid":{"rendered":"https:\/\/www.radiopresidenteibanez.cl\/web\/?p=20691"},"modified":"2021-05-13T01:18:50","modified_gmt":"2021-05-13T01:18:50","slug":"consejo-regional-solicita-reunirse-con-subdere-para-analizar-instalacion-del-futuro-gobernador-y-del-delegado-presidencial","status":"publish","type":"post","link":"https:\/\/www.radiopresidenteibanez.cl\/web\/consejo-regional-solicita-reunirse-con-subdere-para-analizar-instalacion-del-futuro-gobernador-y-del-delegado-presidencial\/","title":{"rendered":"CONSEJO REGIONAL SOLICITA REUNIRSE CON SUBDERE PARA ANALIZAR INSTALACI\u00d3N DEL FUTURO GOBERNADOR Y DEL DELEGADO PRESIDENCIAL"},"content":{"rendered":"\n<p>En la Sesi\u00f3n Plenaria N\u00b011 de este\nlunes efectuada por videoconferencia, el Consejo Regional de Magallanes y de la\nAnt\u00e1rtica Chilena acord\u00f3 solicitar por intermedio de la Intendenta, dos\nreuniones con autoridades nacionales.<\/p>\n\n\n\n<p>La primera de ellas, guarda\nrelaci\u00f3n con la instalaci\u00f3n del futuro Gobernador Regional, al cual de acuerdo\na la Ley 21.073 tambi\u00e9n le corresponder\u00e1 presidir el Consejo Regional. Para\nanalizar las tem\u00e1ticas que rodean este proceso, los integrantes del CORE se\nreunir\u00e1n de manera telem\u00e1tica con la Subsecretaria de Desarrollo Regional y\nAdministrativo, &nbsp;Mar\u00eda Paz Troncoso. <\/p>\n\n\n\n<p>Seg\u00fan coment\u00f3 el presidente\ndel CORE, Tolentino Soto, existe inquietud de conocer por ejemplo, cu\u00e1l ser\u00e1 el\nespacio f\u00edsico desde donde las nuevas autoridades desarrollaran sus labores. \u201cSi&nbsp; bien es cierto, se ha escuchado que el\ndelegado presidencial estar\u00e1 ubicado en la Intendencia pero ese tema se debe\nanalizar ya que hasta donde sabemos, el edificio es propiedad del Gobierno\nRegional que est\u00e1 compuesto como lo especifica la Ley por el Gobernador electo\ny el Consejo Regional\u201d, aclar\u00f3. <\/p>\n\n\n\n<p>La segunda solicitud\ncorresponde a una reuni\u00f3n con la ministra de Transporte y Telecomunicaciones,\nGloria Hutt, &nbsp;en la cual se busca\nanalizar de manera conjunta diversas solicitudes de financiamiento a proyectos\nrelacionados con transferencia y habilitaci\u00f3n de servicios de\ntelecomunicaciones.<\/p>\n\n\n\n<p>\u201cEntre ellos, est\u00e1 la distribuci\u00f3n\nde la fibra \u00f3ptica a los hogares y la urgencia de contar con esta tecnolog\u00eda en\nlos servicios p\u00fablicos, &nbsp;hospitales y establecimientos\neducacionales. Por otro lado, es importante tener informaci\u00f3n respecto a cu\u00e1l\nser\u00e1 la relaci\u00f3n con las empresas ya que hasta donde conocemos, el proyecto\nFibra \u00d3ptica contemplaba la llegada a la regi\u00f3n y los principales centros\nurbanos y despu\u00e9s correspond\u00eda a las empresas de telecomunicaciones la distribuci\u00f3n.\nQueremos plantear estas y otras inquietudes\u201d, concluy\u00f3 el consejero Tolentino\nSoto. <\/p>\n","protected":false},"excerpt":{"rendered":"<p>En la Sesi\u00f3n Plenaria N\u00b011 de este lunes efectuada por videoconferencia, el Consejo Regional de Magallanes y de la Ant\u00e1rtica Chilena acord\u00f3 solicitar por intermedio de la Intendenta, dos reuniones&#8230; <a class=\"read-more\" href=\"https:\/\/www.radiopresidenteibanez.cl\/web\/consejo-regional-solicita-reunirse-con-subdere-para-analizar-instalacion-del-futuro-gobernador-y-del-delegado-presidencial\/\">Leer m\u00e1s<\/a><\/p>\n","protected":false},"author":2,"featured_media":20692,"comment_status":"closed","ping_status":"closed","sticky":false,"template":"","format":"standard","meta":{"footnotes":""},"categories":[1],"tags":[],"class_list":["post-20691","post","type-post","status-publish","format-standard","has-post-thumbnail","hentry","category-cronica"],"_links":{"self":[{"href":"https:\/\/www.radiopresidenteibanez.cl\/web\/wp-json\/wp\/v2\/posts\/20691","targetHints":{"allow":["GET"]}}],"collection":[{"href":"https:\/\/www.radiopresidenteibanez.cl\/web\/wp-json\/wp\/v2\/posts"}],"about":[{"href":"https:\/\/www.radiopresidenteibanez.cl\/web\/wp-json\/wp\/v2\/types\/post"}],"author":[{"embeddable":true,"href":"https:\/\/www.radiopresidenteibanez.cl\/web\/wp-json\/wp\/v2\/users\/2"}],"replies":[{"embeddable":true,"href":"https:\/\/www.radiopresidenteibanez.cl\/web\/wp-json\/wp\/v2\/comments?post=20691"}],"version-history":[{"count":0,"href":"https:\/\/www.radiopresidenteibanez.cl\/web\/wp-json\/wp\/v2\/posts\/20691\/revisions"}],"wp:featuredmedia":[{"embeddable":true,"href":"https:\/\/www.radiopresidenteibanez.cl\/web\/wp-json\/wp\/v2\/media\/20692"}],"wp:attachment":[{"href":"https:\/\/www.radiopresidenteibanez.cl\/web\/wp-json\/wp\/v2\/media?parent=20691"}],"wp:term":[{"taxonomy":"category","embeddable":true,"href":"https:\/\/www.radiopresidenteibanez.cl\/web\/wp-json\/wp\/v2\/categories?post=20691"},{"taxonomy":"post_tag","embeddable":true,"href":"https:\/\/www.radiopresidenteibanez.cl\/web\/wp-json\/wp\/v2\/tags?post=20691"}],"curies":[{"name":"wp","href":"https:\/\/api.w.org\/{rel}","templated":true}]}}