{"id":2069,"date":"2019-03-09T22:12:44","date_gmt":"2019-03-09T22:12:44","guid":{"rendered":"http:\/\/www.radiopresidenteibanez.cl\/web\/?p=2069"},"modified":"2019-03-09T22:13:11","modified_gmt":"2019-03-09T22:13:11","slug":"sonometro-para-punta-arenas-sera-financiado-por-subsecretaria-prevencion-del-delito","status":"publish","type":"post","link":"https:\/\/www.radiopresidenteibanez.cl\/web\/sonometro-para-punta-arenas-sera-financiado-por-subsecretaria-prevencion-del-delito\/","title":{"rendered":"SON\u00d3METRO PARA PUNTA ARENAS SER\u00c1 FINANCIADO POR SUBSECRETAR\u00cdA PREVENCI\u00d3N DEL DELITO"},"content":{"rendered":"\n<p>Hasta la calle Teatinos, lleg\u00f3 el alcalde Claudio Radonich para reunirse con la subsecretaria de Prevenci\u00f3n del Delito, Katherine Martorell con quien revis\u00f3 los diversos proyectos de Seguridad P\u00fablica que se est\u00e1n ejecutando en Punta Arenas, pero tambi\u00e9n para presentarle una cartera de proyectos para este 2019, entre los que se incluye la compra de un son\u00f3metro para nuestra comuna.<\/p>\n\n\n\n<p>En ese sentido, Martorell comprometi\u00f3 los recursos para la adquisici\u00f3n del solicitado aparato, el cual ayudar\u00e1 en la tarea fiscalizadora que busca el municipio frente a los ruidos molestos que constantemente, se presentan en el centro de la ciudad, generando malestar entre los vecinos y turistas que visitan Punta Arenas.<\/p>\n\n\n\n<p>\u201cEstamos muy contentos de c\u00f3mo se han ido abordando lo temas vinculados a la Seguridad P\u00fablica en Punta Arenas. Hoy el alcalde nos present\u00f3 un n\u00famero importante de proyectos, que van en la l\u00ednea de lo que ya se ha concretado durante el \u00faltimo a\u00f1o, entre los cuales destaca la adquisici\u00f3n de Son\u00f3metros los cuales, entendemos, son fundamentales para un n\u00famero importante de vecinos, raz\u00f3n por la cual esperamos traspasar cuanto antes los recursos para que sea una realidad en el corto plazo\u201d, recalc\u00f3 la Subsecretaria de Estado.<\/p>\n\n\n\n<p>Por su parte, la autoridad comunal agreg\u00f3 que \u201choy hemos podido revisar todos los proyectos que se han desarrollado en Punta Arenas junto a la subsecretaria, de los cuales tenemos una buena evaluaci\u00f3n, por lo que pretendemos seguir avanzando en la prevenci\u00f3n tratando de mantener o disminuir los \u00edndices que hoy observamos\u201d.<\/p>\n\n\n\n<p>Asimismo, Radonich agradeci\u00f3 y resalt\u00f3 el trabajo desarrollado por la coordinadora regional de Seguridad P\u00fablica, Jenifer Rojas, ya que seg\u00fan dijo \u201csu apoyo ha sido fundamental para sacar adelante las iniciativas que hemos presentado, las cuales han ido en directo beneficio de nuestros vecinos\u201d.<\/p>\n\n\n\n<p>Finalmente, el alcalde adelant\u00f3 que durante el 2019, esperan retomar las iniciativas exitosas que se han desarrollado en la comuna como: El retiro de autos, el patrullaje comunitario nocturno, la incorporaci\u00f3n de m\u00e1s alarmas y el reforzamiento de la Seguridad P\u00fablica en diversos aspectos, con la directa colaboraci\u00f3n de Carabineros y la Polic\u00eda de Investigaciones, como ha sido la t\u00f3nica.<\/p>\n","protected":false},"excerpt":{"rendered":"<p>Hasta la calle Teatinos, lleg\u00f3 el alcalde Claudio Radonich para reunirse con la subsecretaria de Prevenci\u00f3n del Delito, Katherine Martorell con quien revis\u00f3 los diversos proyectos de Seguridad P\u00fablica que&#8230; <a class=\"read-more\" href=\"https:\/\/www.radiopresidenteibanez.cl\/web\/sonometro-para-punta-arenas-sera-financiado-por-subsecretaria-prevencion-del-delito\/\">Leer m\u00e1s<\/a><\/p>\n","protected":false},"author":2,"featured_media":2070,"comment_status":"closed","ping_status":"closed","sticky":false,"template":"","format":"standard","meta":{"footnotes":""},"categories":[1],"tags":[],"class_list":["post-2069","post","type-post","status-publish","format-standard","has-post-thumbnail","hentry","category-cronica"],"_links":{"self":[{"href":"https:\/\/www.radiopresidenteibanez.cl\/web\/wp-json\/wp\/v2\/posts\/2069","targetHints":{"allow":["GET"]}}],"collection":[{"href":"https:\/\/www.radiopresidenteibanez.cl\/web\/wp-json\/wp\/v2\/posts"}],"about":[{"href":"https:\/\/www.radiopresidenteibanez.cl\/web\/wp-json\/wp\/v2\/types\/post"}],"author":[{"embeddable":true,"href":"https:\/\/www.radiopresidenteibanez.cl\/web\/wp-json\/wp\/v2\/users\/2"}],"replies":[{"embeddable":true,"href":"https:\/\/www.radiopresidenteibanez.cl\/web\/wp-json\/wp\/v2\/comments?post=2069"}],"version-history":[{"count":0,"href":"https:\/\/www.radiopresidenteibanez.cl\/web\/wp-json\/wp\/v2\/posts\/2069\/revisions"}],"wp:featuredmedia":[{"embeddable":true,"href":"https:\/\/www.radiopresidenteibanez.cl\/web\/wp-json\/wp\/v2\/media\/2070"}],"wp:attachment":[{"href":"https:\/\/www.radiopresidenteibanez.cl\/web\/wp-json\/wp\/v2\/media?parent=2069"}],"wp:term":[{"taxonomy":"category","embeddable":true,"href":"https:\/\/www.radiopresidenteibanez.cl\/web\/wp-json\/wp\/v2\/categories?post=2069"},{"taxonomy":"post_tag","embeddable":true,"href":"https:\/\/www.radiopresidenteibanez.cl\/web\/wp-json\/wp\/v2\/tags?post=2069"}],"curies":[{"name":"wp","href":"https:\/\/api.w.org\/{rel}","templated":true}]}}