{"id":20688,"date":"2021-05-13T01:17:32","date_gmt":"2021-05-13T01:17:32","guid":{"rendered":"https:\/\/www.radiopresidenteibanez.cl\/web\/?p=20688"},"modified":"2021-05-13T01:17:43","modified_gmt":"2021-05-13T01:17:43","slug":"isl-realiza-busqueda-activa-de-casos-covid-en-lugares-de-trabajo","status":"publish","type":"post","link":"https:\/\/www.radiopresidenteibanez.cl\/web\/isl-realiza-busqueda-activa-de-casos-covid-en-lugares-de-trabajo\/","title":{"rendered":"ISL REALIZA B\u00daSQUEDA ACTIVA DE CASOS COVID EN LUGARES DE TRABAJO"},"content":{"rendered":"\n<p>En el marco del\nProtocolo de Vigilancia Covid-19 instaurado por la Seremi de Salud, el\nInstituto de Seguridad Laboral (ISL) inici\u00f3 este a\u00f1o la llamada B\u00fasqueda Activa\nde Casos \u2013conocida como BAC- con el objetivo de contribuir al control de la\npandemia en el \u00e1mbito laboral.<\/p>\n\n\n\n<p>Para ello, a\npartir de esta semana, las autoridades del \u00e1rea intensificaron la toma de PCR a\nlos trabajadores cubiertos por el seguro de accidentes laborales en sus lugares\nde trabajo, recorriendo diversos puntos que esperan ir incrementando durante\nlas pr\u00f3ximas semanas.<\/p>\n\n\n\n<p>La Seremi del\nTrabajo, Victoria Cort\u00e9s, inform\u00f3 que \u201cjunto al ISL Magallanes, estamos\nparticipando de este proceso de B\u00fasqueda Activa de Casos de coronavirus en\ncentros o lugares de trabajo. Principalmente, producto de la actual situaci\u00f3n\nsanitaria de la regi\u00f3n de Magallanes es que se ha firmado este convenio que nos\npermite apoyar la gesti\u00f3n de la Seremi de Salud en la detecci\u00f3n de estos casos.\nPor ello, vamos a seguir con todo un despliegue territorial en estos d\u00edas con\nla finalidad de que ning\u00fan trabajador que pueda ser asintom\u00e1tico se convierta\nen un eventual de riesgo en su empresa\u201d.<\/p>\n\n\n\n<p>Durante esta\nsemana se han recorrido empresas ligadas al rubro del Comercio, Servicios y\nConstrucci\u00f3n. No obstante, el objetivo es llegar a todos los sectores\nproductivos m\u00e1s importantes de la regi\u00f3n.<\/p>\n\n\n\n<p>Al respecto, el\ndirector de ISL Magallanes, Marcelo Trivi\u00f1o, agreg\u00f3 que, \u201clo que estamos\nhaciendo desde hace algunas semanas es salir a efectuar la B\u00fasqueda Activa\n(BAC) a los lugares de trabajo de nuestros usuarios a trav\u00e9s de la informaci\u00f3n\nque nos proporciona el ministerio de Salud peri\u00f3dicamente. La idea es llegar a\ntiempo para detectar un caso positivo o un contacto estrecho dentro de las\nfaenas de una empresa y de esa forma efectuar el testeo y hacer la trazabilidad\ncorrespondiente. Esto, adem\u00e1s, nos permite escuchar de primera fuente el\ntestimonio de empleadores y trabajadores respecto a c\u00f3mo se est\u00e1n cumpliendo\nestos protocolos Covid al interior de cada faena\u201d.<\/p>\n\n\n\n<p>La autoridad\nexplic\u00f3, adem\u00e1s, que la B\u00fasqueda Activa de Casos no se realiza a petici\u00f3n de\nlas entidades, sino que, a partir del requerimiento de la autoridad sanitaria a\nfin de aplicar el testeo por diversos factores asociados a las empresas, tales\ncomo: alto riesgo de exposici\u00f3n y transmisi\u00f3n del Covid-19, detecci\u00f3n de\nincumplimiento de medidas sanitarias establecidas, centros de trabajo que\npresenten conglomerados o brotes de Covid-19 entre sus trabajadores, empresas\nque hayan aumentado su dotaci\u00f3n de manera temporal dada la naturaleza de la\nactividad, entre los principales.<\/p>\n\n\n\n<p>Este\nprocedimiento se puede realizar en cualquier momento de la jornada laboral e\nincluye al total de los trabajadores que se encuentren en faena al momento de\nla visita. De esta forma, el ISL y las autoridades laborales y sanitarias est\u00e1n\naumentando las estrategias que permitan reducir de manera importante los\ncontagios en la regi\u00f3n.<\/p>\n","protected":false},"excerpt":{"rendered":"<p>En el marco del Protocolo de Vigilancia Covid-19 instaurado por la Seremi de Salud, el Instituto de Seguridad Laboral (ISL) inici\u00f3 este a\u00f1o la llamada B\u00fasqueda Activa de Casos \u2013conocida&#8230; <a class=\"read-more\" href=\"https:\/\/www.radiopresidenteibanez.cl\/web\/isl-realiza-busqueda-activa-de-casos-covid-en-lugares-de-trabajo\/\">Leer m\u00e1s<\/a><\/p>\n","protected":false},"author":2,"featured_media":20689,"comment_status":"closed","ping_status":"closed","sticky":false,"template":"","format":"standard","meta":{"footnotes":""},"categories":[1],"tags":[],"class_list":["post-20688","post","type-post","status-publish","format-standard","has-post-thumbnail","hentry","category-cronica"],"_links":{"self":[{"href":"https:\/\/www.radiopresidenteibanez.cl\/web\/wp-json\/wp\/v2\/posts\/20688","targetHints":{"allow":["GET"]}}],"collection":[{"href":"https:\/\/www.radiopresidenteibanez.cl\/web\/wp-json\/wp\/v2\/posts"}],"about":[{"href":"https:\/\/www.radiopresidenteibanez.cl\/web\/wp-json\/wp\/v2\/types\/post"}],"author":[{"embeddable":true,"href":"https:\/\/www.radiopresidenteibanez.cl\/web\/wp-json\/wp\/v2\/users\/2"}],"replies":[{"embeddable":true,"href":"https:\/\/www.radiopresidenteibanez.cl\/web\/wp-json\/wp\/v2\/comments?post=20688"}],"version-history":[{"count":0,"href":"https:\/\/www.radiopresidenteibanez.cl\/web\/wp-json\/wp\/v2\/posts\/20688\/revisions"}],"wp:featuredmedia":[{"embeddable":true,"href":"https:\/\/www.radiopresidenteibanez.cl\/web\/wp-json\/wp\/v2\/media\/20689"}],"wp:attachment":[{"href":"https:\/\/www.radiopresidenteibanez.cl\/web\/wp-json\/wp\/v2\/media?parent=20688"}],"wp:term":[{"taxonomy":"category","embeddable":true,"href":"https:\/\/www.radiopresidenteibanez.cl\/web\/wp-json\/wp\/v2\/categories?post=20688"},{"taxonomy":"post_tag","embeddable":true,"href":"https:\/\/www.radiopresidenteibanez.cl\/web\/wp-json\/wp\/v2\/tags?post=20688"}],"curies":[{"name":"wp","href":"https:\/\/api.w.org\/{rel}","templated":true}]}}