{"id":20685,"date":"2021-05-13T01:11:49","date_gmt":"2021-05-13T01:11:49","guid":{"rendered":"https:\/\/www.radiopresidenteibanez.cl\/web\/?p=20685"},"modified":"2021-05-13T01:11:55","modified_gmt":"2021-05-13T01:11:55","slug":"consejeros-regionales-se-reunieron-con-ministro-de-obras-publicas","status":"publish","type":"post","link":"https:\/\/www.radiopresidenteibanez.cl\/web\/consejeros-regionales-se-reunieron-con-ministro-de-obras-publicas\/","title":{"rendered":"CONSEJEROS REGIONALES SE REUNIERON CON MINISTRO DE OBRAS P\u00daBLICAS"},"content":{"rendered":"\n<p>El presidente del CORE,\nTolentino Soto junto a los consejeros, Jorge Balich, Emilio Boccazzi, Marcelo\nGarrido, Rodolfo Moncada y Miguel Sierpe, se reunieron recientemente por\nvideoconferencia con el ministro de Obras P\u00fablicas (MOP), Alfredo Moreno, el\ndirector general de Obras P\u00fablicas, Carlos Guzm\u00e1n,&nbsp; la jefa Territorial y Participaci\u00f3n Ciudadana\ny Emergencias del MOP, Viviana Paredes, la Intendenta, Jenniffer Rojas y el\nseremi de Obras P\u00fablicas, Pablo Rendoll.<\/p>\n\n\n\n<p>La instancia responde a una\nsolicitud de oficio del consejero de la provincia Ant\u00e1rtica, Marcelo Garrido,\nen la cual requer\u00eda conocer de primera fuente las obras emblem\u00e1ticas en carpeta\npara la regi\u00f3n, en forma especial para Cabo de Hornos y adem\u00e1s actualizar\ninformaci\u00f3n respecto al proyecto \u201cAmpliaci\u00f3n Sala de Recepci\u00f3n de Pasajeros, Aer\u00f3dromo\nGuardiamarina Za\u00f1artu Puerto Williams\u201d.<\/p>\n\n\n\n<p>El consejero, Marcelo Garrido,\njunto con valorar la buena disposici\u00f3n del ministro Moreno y la autoridades\npresentes coment\u00f3, \u201cen la oportunidad se destacaron obras ic\u00f3nicas como el\nMuelle Multiprop\u00f3sito de Puerto Williams, la continuaci\u00f3n de la ruta&nbsp; Caleta Eugenia &#8211; Puerto Toro y la Rampa de\nPuerto Navarino, la cual presenta un cuarenta por ciento de avance y se\nencuentra detenida luego de que la empresa Arauco se declar\u00f3 en quiebra por\ntanto se est\u00e1 a la espera de una tercera licitaci\u00f3n. Por otro lado, el seremi\nRendoll inform\u00f3 que los 120 m2 del terminal de pasajeros del Aer\u00f3dromo Guadiamarina\nZa\u00f1artu, aumentar\u00e1n a 422, lo cual ser\u00e1 un tremendo avance en materia de\ninfraestructura aeroportuaria para Cabo de Hornos\u201d, afirm\u00f3. <\/p>\n\n\n\n<p>Por su parte el presidente del\nCORE, Tolentino Soto, defini\u00f3 la jornada como interesante y provechosa, \u201cel\nministro junto a las dem\u00e1s autoridades nos dieron a conocer de forma muy\nexplicativa la situaci\u00f3n en la que se encuentra el proyecto Ampliaci\u00f3n sala de\nrecepci\u00f3n de Pasajeros del Aer\u00f3dromo Guardiamarina Za\u00f1artu en Puerto Williams,\ncuyo avance se ha visto retrasado debido a los efectos colaterales de la pandemia.\nTambi\u00e9n se habl\u00f3 del Puerto Bah\u00eda Fildes y otras obras\u201d, afirm\u00f3. <\/p>\n\n\n\n<p>Finalmente el consejero Soto se\nrefiri\u00f3 a un importante anunci\u00f3 efectuado por el ministro de Obra P\u00fablicas, \u201cse\ntrata de un incremento en el presupuesto destinado a ejecuci\u00f3n de obras del\norden de un 40%, lo cual es relevante m\u00e1s aun considerando que lo que ejecuta\nesta ministerio es pr\u00e1cticamente el sueldo para Magallanes ya que es la inversi\u00f3n\np\u00fablica la que otorga dinamismo a la econom\u00eda regional\u201d, concluy\u00f3. <\/p>\n","protected":false},"excerpt":{"rendered":"<p>El presidente del CORE, Tolentino Soto junto a los consejeros, Jorge Balich, Emilio Boccazzi, Marcelo Garrido, Rodolfo Moncada y Miguel Sierpe, se reunieron recientemente por videoconferencia con el ministro de&#8230; <a class=\"read-more\" href=\"https:\/\/www.radiopresidenteibanez.cl\/web\/consejeros-regionales-se-reunieron-con-ministro-de-obras-publicas\/\">Leer m\u00e1s<\/a><\/p>\n","protected":false},"author":2,"featured_media":20686,"comment_status":"closed","ping_status":"closed","sticky":false,"template":"","format":"standard","meta":{"footnotes":""},"categories":[1],"tags":[],"class_list":["post-20685","post","type-post","status-publish","format-standard","has-post-thumbnail","hentry","category-cronica"],"_links":{"self":[{"href":"https:\/\/www.radiopresidenteibanez.cl\/web\/wp-json\/wp\/v2\/posts\/20685","targetHints":{"allow":["GET"]}}],"collection":[{"href":"https:\/\/www.radiopresidenteibanez.cl\/web\/wp-json\/wp\/v2\/posts"}],"about":[{"href":"https:\/\/www.radiopresidenteibanez.cl\/web\/wp-json\/wp\/v2\/types\/post"}],"author":[{"embeddable":true,"href":"https:\/\/www.radiopresidenteibanez.cl\/web\/wp-json\/wp\/v2\/users\/2"}],"replies":[{"embeddable":true,"href":"https:\/\/www.radiopresidenteibanez.cl\/web\/wp-json\/wp\/v2\/comments?post=20685"}],"version-history":[{"count":0,"href":"https:\/\/www.radiopresidenteibanez.cl\/web\/wp-json\/wp\/v2\/posts\/20685\/revisions"}],"wp:featuredmedia":[{"embeddable":true,"href":"https:\/\/www.radiopresidenteibanez.cl\/web\/wp-json\/wp\/v2\/media\/20686"}],"wp:attachment":[{"href":"https:\/\/www.radiopresidenteibanez.cl\/web\/wp-json\/wp\/v2\/media?parent=20685"}],"wp:term":[{"taxonomy":"category","embeddable":true,"href":"https:\/\/www.radiopresidenteibanez.cl\/web\/wp-json\/wp\/v2\/categories?post=20685"},{"taxonomy":"post_tag","embeddable":true,"href":"https:\/\/www.radiopresidenteibanez.cl\/web\/wp-json\/wp\/v2\/tags?post=20685"}],"curies":[{"name":"wp","href":"https:\/\/api.w.org\/{rel}","templated":true}]}}