{"id":20682,"date":"2021-05-13T01:08:43","date_gmt":"2021-05-13T01:08:43","guid":{"rendered":"https:\/\/www.radiopresidenteibanez.cl\/web\/?p=20682"},"modified":"2021-05-13T01:08:49","modified_gmt":"2021-05-13T01:08:49","slug":"riego-subterraneo-una-alternativa-para-hacer-un-uso-eficiente-del-agua","status":"publish","type":"post","link":"https:\/\/www.radiopresidenteibanez.cl\/web\/riego-subterraneo-una-alternativa-para-hacer-un-uso-eficiente-del-agua\/","title":{"rendered":"RIEGO SUBTERR\u00c1NEO: UNA ALTERNATIVA PARA HACER UN USO EFICIENTE DEL AGUA"},"content":{"rendered":"\n<p>La escasez h\u00eddrica es una realidad que ha\nllegado a varias regiones de la zona norte de Chile. Seg\u00fan la DGA, el pa\u00eds\ntiene un d\u00e9ficit de agua que oscila entre un 10% y un 37% (Documento: \u201cBalance\nH\u00eddrico Nacional\u201d, resultados preliminares 2019). <\/p>\n\n\n\n<p>El cambio clim\u00e1tico y el uso poco eficiente del\nrecurso en la gran industria, la agricultura y la ganader\u00eda, contribuyen con\nacelerar el proceso de desertificaci\u00f3n en el pa\u00eds, que seg\u00fan datos aportados\npor la CONAF del a\u00f1o 2016, casi el 22% del pa\u00eds tiene alg\u00fan grado de riesgo de\ndesertificaci\u00f3n, lo que representa aproximadamente 16.379.342 hect\u00e1reas lo que\nequivale a la superficie de las regiones de Atacama y O&#8217;Higgins juntas. Sin\nembargo, ese 22% se eleva al 76% de la superficie del pa\u00eds si es que se suman\ndesertificaci\u00f3n, erosi\u00f3n y degradaci\u00f3n de suelos.<\/p>\n\n\n\n<p>Ulrike Broschek, l\u00edder de Escenarios H\u00eddricos\n2030, iniciativa creada en 2016 por la Fundaci\u00f3n Chile, con el objetivo de\nrealizar estudios comparativos sobre el estado del recurso en el pa\u00eds; indica\nque el 44% de las causas del problema h\u00eddrico en el pa\u00eds, se relacionan con <strong>una deficiente gesti\u00f3n del recurso<\/strong>, mientras\nque un 17%, se debe al aumento de demanda del agua; otro 14%, a la\ncontaminaci\u00f3n de \u00e9sta; un 12%, a la disminuci\u00f3n de la oferta; &nbsp;un 6%, al da\u00f1o ambiental de los ecosistemas\nh\u00eddricos y un 5%, al alza de la frecuencia de desastres naturales.<\/p>\n\n\n\n<p>En este contexto, se hace m\u00e1s que necesario\nproponer e implementar herramientas y tecnolog\u00eda innovadora que permita hacer\nun uso eficiente del agua y as\u00ed alcanzar la seguridad h\u00eddrica. <\/p>\n\n\n\n<p>La regi\u00f3n de Magallanes, si bien, aun est\u00e1\nlejos de un escenario como al que se enfrentan en el norte de Chile, las\ncaracter\u00edsticas clim\u00e1ticas y geogr\u00e1ficas, siempre han sido una dificultad para\nlograr una mayor competitividad en el sector agropecuario, principalmente\nporque los ganaderos han tenido que lidiar con la escasez h\u00eddrica que se\nproduce por el efecto de p\u00e9rdida de humedad en el suelo generado por el viento,\nadem\u00e1s de una pluviometr\u00eda hist\u00f3ricamente baja, que no supera los 30 mm al a\u00f1o\n(seg\u00fan datos aportados por el Servicio Meteorol\u00f3gico de Chile). <\/p>\n\n\n\n<p>Por otro lado, la sobreexplotaci\u00f3n de los\npastizales naturales en la regi\u00f3n, por el tipo de ganader\u00eda extensiva que se\npractica, ha generado un aumento progresivo de las tasas de erosi\u00f3n de suelo y\npor consiguiente la degradaci\u00f3n de los pastizales. Con esto, uno de los rubros\nm\u00e1s afectados en t\u00e9rminos competitivos, ecol\u00f3gicos y econ\u00f3micos es el\nsilvoagropecuario, en el que INIA, a trav\u00e9s de distintos proyectos, ha\nrealizado diversos esfuerzos para diversificar y aumentar la pradera, pero que\ndada la condici\u00f3n clim\u00e1tica de la zona, no han alcanzado los rendimientos que\nse obtienen en otras zonas del pa\u00eds.<\/p>\n\n\n\n<p><strong>&nbsp;\u201cInnovaciones tecnol\u00f3gicas en el \u00e1rea de\ngesti\u00f3n h\u00eddrica para el aumento de la competitividad del rubro\nsilvoagropecuario de Magallanes<\/strong>\u201d, es el nombre del proyecto ejecutado por INIA Kampenaike y financiado\npor el Gobierno Regional, a trav\u00e9s de un FIC-R, que busca en parte aplicar una\nsoluci\u00f3n novedosa para los problemas espec\u00edficos de la regi\u00f3n en cuanto al uso\ndel agua y la productividad de sus praderas.<\/p>\n\n\n\n<p>Francisco Sales, director regional de INIA\nKampenaike explica que con este proyecto, \u201cqueremos generar un modelo de\ninnovaci\u00f3n en la productividad de las praderas. El agua es uno de los principales\nfactores que influyen en la productividad \u00e9stas, por lo tanto, lo que queremos\ndemostrar es que es posible innovar, a trav\u00e9s de una tecnolog\u00eda que nunca se ha\nocupado en la regi\u00f3n, el riego subterr\u00e1neo, para combatir uno de los\nprincipales problemas que inciden en la p\u00e9rdida del vital recurso, la\nevapotranspiraci\u00f3n y escasa pluviometr\u00eda\u201d.<\/p>\n\n\n\n<p>El coordinador del proyecto, Jorge Ivelic-S\u00e1ez,\nse\u00f1ala que lo que se har\u00e1 es el evaluar un sistema de riego por goteo\nsubterr\u00e1neo, que consiste en la instalaci\u00f3n de cintas de riego a 20 cent\u00edmetros\nde profundidad en el suelo, para que el agua llegue directo a la ra\u00edz de la\nplanta.<\/p>\n\n\n\n<p>\u201cLa idea tambi\u00e9n es instaurar la cultura del\nriego en Magallanes. Entre todos los sistemas de riego que existen actualmente,\noptamos por el subterr\u00e1neo, ya que parece ser el m\u00e1s adecuado para las\ncaracter\u00edsticas clim\u00e1ticas de la regi\u00f3n, debido a que el viento es uno de los\nfactores&nbsp; principales que impacta de\nmanera negativa cualquier otro tipo de riego, ya que aumenta la p\u00e9rdida del\nrecurso\u201d. Es as\u00ed como se busca que cada gota de agua aplicada se transforme en\nbiomasa.<\/p>\n\n\n\n<p>Para llevar a cabo este proyecto se est\u00e1n\ninstalando y enterrando las cintas de riego en dos hect\u00e1reas en el Centro\nExperimental Kampenaike. Las cintas tienen orificios por los que salen las\ngotas de agua, a una distancia de 5 cent\u00edmetros entre s\u00ed, esto con el fin de\nmedir cu\u00e1l es la distancia adecuada para la regi\u00f3n y el tipo de superficie.<\/p>\n\n\n\n<p>Sobre los costos de instalaci\u00f3n, si bien la\ninversi\u00f3n inicial es alta, los beneficios ecol\u00f3gicos y productivos que traer\u00e1n\nson mucho m\u00e1s elevados y significativos, sobre todo, tomando en cuenta que el\nsistema tiene una vida \u00fatil de m\u00e1s de 15 a\u00f1os. <\/p>\n\n\n\n<p>Durante el invierno, el sistema permanecer\u00e1\ndesaguado para evitar problemas con la escarcha, sin embargo para el mes de\nseptiembre se proyecta el establecimiento de una pradera mixta y una de alfalfa\npara dar inicio al riego. En diciembre ya se estar\u00eda realizando las primeras\nevaluaciones de las plantas y c\u00f3mo el riego ha mejorado la producci\u00f3n.<\/p>\n\n\n\n<p>Adem\u00e1s, se instar\u00e1 en las dependencia de\nINIA-Kampenaike un laboratorio de f\u00edsica de suelos para determinar par\u00e1metros\ned\u00e1ficos como la curva de retenci\u00f3n de agua (Curva pF) y la conductividad\nhidr\u00e1ulica, los cuales son fundamentales para caracterizar el suelo que se\ndesea regar, ya que de esto depende la cantidad y frecuencia de riego.<\/p>\n\n\n\n<p>El costo total de este proyecto, financiado a\ntrav\u00e9s de un FIC-R, del Gobierno Regional m\u00e1s aportes de privados, asciende a\n$113 millones y tiene una duraci\u00f3n total de 18 meses.<\/p>\n\n\n\n<p><strong>Acerca de INIA<\/strong><\/p>\n\n\n\n<p>El Instituto de Investigaciones Agropecuarias\n(INIA) es la principal instituci\u00f3n de investigaci\u00f3n, desarrollo e innovaci\u00f3n\nagroalimentaria de Chile. Vinculada al Ministerio de Agricultura, cuenta con\npresencia nacional y un equipo de trabajo de m\u00e1s de 1.000 personas altamente\ncalificadas. Ejecuta al a\u00f1o un promedio de 400 proyectos en torno a 5 \u00e1reas\nestrat\u00e9gicas: Cambio Clim\u00e1tico, Sustentabilidad, Alimentos del Futuro,\nTecnolog\u00edas Emergentes, y Extensi\u00f3n y Formaci\u00f3n de Capacidades. Estas\niniciativas contribuyen al desarrollo agroalimentario sostenible del pa\u00eds,\ncreando valor y proponiendo soluciones innovadoras a los agricultores, socios\nestrat\u00e9gicos y la sociedad, generando una rentabilidad social que var\u00eda entre\n15% y 25%, por cada peso invertido en cada uno de sus proyectos.<\/p>\n","protected":false},"excerpt":{"rendered":"<p>La escasez h\u00eddrica es una realidad que ha llegado a varias regiones de la zona norte de Chile. Seg\u00fan la DGA, el pa\u00eds tiene un d\u00e9ficit de agua que oscila&#8230; <a class=\"read-more\" href=\"https:\/\/www.radiopresidenteibanez.cl\/web\/riego-subterraneo-una-alternativa-para-hacer-un-uso-eficiente-del-agua\/\">Leer m\u00e1s<\/a><\/p>\n","protected":false},"author":2,"featured_media":20683,"comment_status":"closed","ping_status":"closed","sticky":false,"template":"","format":"standard","meta":{"footnotes":""},"categories":[1],"tags":[],"class_list":["post-20682","post","type-post","status-publish","format-standard","has-post-thumbnail","hentry","category-cronica"],"_links":{"self":[{"href":"https:\/\/www.radiopresidenteibanez.cl\/web\/wp-json\/wp\/v2\/posts\/20682","targetHints":{"allow":["GET"]}}],"collection":[{"href":"https:\/\/www.radiopresidenteibanez.cl\/web\/wp-json\/wp\/v2\/posts"}],"about":[{"href":"https:\/\/www.radiopresidenteibanez.cl\/web\/wp-json\/wp\/v2\/types\/post"}],"author":[{"embeddable":true,"href":"https:\/\/www.radiopresidenteibanez.cl\/web\/wp-json\/wp\/v2\/users\/2"}],"replies":[{"embeddable":true,"href":"https:\/\/www.radiopresidenteibanez.cl\/web\/wp-json\/wp\/v2\/comments?post=20682"}],"version-history":[{"count":0,"href":"https:\/\/www.radiopresidenteibanez.cl\/web\/wp-json\/wp\/v2\/posts\/20682\/revisions"}],"wp:featuredmedia":[{"embeddable":true,"href":"https:\/\/www.radiopresidenteibanez.cl\/web\/wp-json\/wp\/v2\/media\/20683"}],"wp:attachment":[{"href":"https:\/\/www.radiopresidenteibanez.cl\/web\/wp-json\/wp\/v2\/media?parent=20682"}],"wp:term":[{"taxonomy":"category","embeddable":true,"href":"https:\/\/www.radiopresidenteibanez.cl\/web\/wp-json\/wp\/v2\/categories?post=20682"},{"taxonomy":"post_tag","embeddable":true,"href":"https:\/\/www.radiopresidenteibanez.cl\/web\/wp-json\/wp\/v2\/tags?post=20682"}],"curies":[{"name":"wp","href":"https:\/\/api.w.org\/{rel}","templated":true}]}}