{"id":20676,"date":"2021-05-13T01:05:06","date_gmt":"2021-05-13T01:05:06","guid":{"rendered":"https:\/\/www.radiopresidenteibanez.cl\/web\/?p=20676"},"modified":"2021-05-13T01:05:12","modified_gmt":"2021-05-13T01:05:12","slug":"tabsa-hara-cruces-especiales-a-porvenir-por-elecciones","status":"publish","type":"post","link":"https:\/\/www.radiopresidenteibanez.cl\/web\/tabsa-hara-cruces-especiales-a-porvenir-por-elecciones\/","title":{"rendered":"TABSA HAR\u00c1 CRUCES ESPECIALES A PORVENIR POR ELECCIONES"},"content":{"rendered":"\n<p>A solicitud de la seremia de Transportes y Telecomunicaciones de Magallanes, Tabsa dispuso la realizaci\u00f3n de dos servicios especiales de conectividad mar\u00edtima en el tramo Punta Arenas-Porvenir con ocasi\u00f3n del proceso eleccionario que se desarrollar\u00e1 el s\u00e1bado 15 y domingo 16 de mayo en el pa\u00eds.<\/p>\n\n\n\n<p>Desde la empresa mar\u00edtima informaron que ambos d\u00edas se realizar\u00e1 un cruce desde Punta Arenas hacia la capital de Tierra del Fuego a las 9 horas zarpando desde el terminal de Tres Puentes y otro, a las 15 horas desde el terminal de Bah\u00eda Chilota.<\/p>\n\n\n\n<p>Las reservas y compras de pasajes pueden realizarse presencialmente en los terminales o a trav\u00e9s de las web&nbsp;<a href=\"http:\/\/www.tabsa.cl\/\" target=\"_blank\" rel=\"noreferrer noopener\">www.tabsa.cl<\/a><\/p>\n","protected":false},"excerpt":{"rendered":"<p>A solicitud de la seremia de Transportes y Telecomunicaciones de Magallanes, Tabsa dispuso la realizaci\u00f3n de dos servicios especiales de conectividad mar\u00edtima en el tramo Punta Arenas-Porvenir con ocasi\u00f3n del&#8230; <a class=\"read-more\" href=\"https:\/\/www.radiopresidenteibanez.cl\/web\/tabsa-hara-cruces-especiales-a-porvenir-por-elecciones\/\">Leer m\u00e1s<\/a><\/p>\n","protected":false},"author":2,"featured_media":20677,"comment_status":"closed","ping_status":"closed","sticky":false,"template":"","format":"standard","meta":{"footnotes":""},"categories":[1],"tags":[],"class_list":["post-20676","post","type-post","status-publish","format-standard","has-post-thumbnail","hentry","category-cronica"],"_links":{"self":[{"href":"https:\/\/www.radiopresidenteibanez.cl\/web\/wp-json\/wp\/v2\/posts\/20676","targetHints":{"allow":["GET"]}}],"collection":[{"href":"https:\/\/www.radiopresidenteibanez.cl\/web\/wp-json\/wp\/v2\/posts"}],"about":[{"href":"https:\/\/www.radiopresidenteibanez.cl\/web\/wp-json\/wp\/v2\/types\/post"}],"author":[{"embeddable":true,"href":"https:\/\/www.radiopresidenteibanez.cl\/web\/wp-json\/wp\/v2\/users\/2"}],"replies":[{"embeddable":true,"href":"https:\/\/www.radiopresidenteibanez.cl\/web\/wp-json\/wp\/v2\/comments?post=20676"}],"version-history":[{"count":0,"href":"https:\/\/www.radiopresidenteibanez.cl\/web\/wp-json\/wp\/v2\/posts\/20676\/revisions"}],"wp:featuredmedia":[{"embeddable":true,"href":"https:\/\/www.radiopresidenteibanez.cl\/web\/wp-json\/wp\/v2\/media\/20677"}],"wp:attachment":[{"href":"https:\/\/www.radiopresidenteibanez.cl\/web\/wp-json\/wp\/v2\/media?parent=20676"}],"wp:term":[{"taxonomy":"category","embeddable":true,"href":"https:\/\/www.radiopresidenteibanez.cl\/web\/wp-json\/wp\/v2\/categories?post=20676"},{"taxonomy":"post_tag","embeddable":true,"href":"https:\/\/www.radiopresidenteibanez.cl\/web\/wp-json\/wp\/v2\/tags?post=20676"}],"curies":[{"name":"wp","href":"https:\/\/api.w.org\/{rel}","templated":true}]}}