{"id":20674,"date":"2021-05-13T01:03:14","date_gmt":"2021-05-13T01:03:14","guid":{"rendered":"https:\/\/www.radiopresidenteibanez.cl\/web\/?p=20674"},"modified":"2021-05-13T01:03:21","modified_gmt":"2021-05-13T01:03:21","slug":"nueva-ley-de-proteccion-de-la-salud-mental-desde-atencion-remota-hasta-hospitalizacion-de-casos-graves","status":"publish","type":"post","link":"https:\/\/www.radiopresidenteibanez.cl\/web\/nueva-ley-de-proteccion-de-la-salud-mental-desde-atencion-remota-hasta-hospitalizacion-de-casos-graves\/","title":{"rendered":"NUEVA LEY DE PROTECCI\u00d3N DE LA SALUD MENTAL: DESDE ATENCI\u00d3N REMOTA HASTA HOSPITALIZACI\u00d3N DE CASOS GRAVES"},"content":{"rendered":"\n<p>Durante la jornada\ndel martes 11 de mayo, el presidente Sebasti\u00e1n Pi\u00f1era anunci\u00f3 la nueva ley, la que\npermitir\u00e1 establecer marcos y derechos de protecci\u00f3n para quienes soliciten\natenci\u00f3n mental, fundamentalmente para personas que requieran ser internadas. <\/p>\n\n\n\n<p>El extenso\nconfinamiento debido a la pandemia, el temor a contagiarse, sumado a problemas\necon\u00f3micos y un abrupto cambio en el estilo de vida, han ocasionado un aumento\nen problemas de la salud mental en la poblaci\u00f3n nacional, generando trastornos\npsicol\u00f3gicos, depresiones, angustias y miedos, siendo las mujeres las\nprincipales afectadas. <\/p>\n\n\n\n<p>As\u00ed lo explic\u00f3\nla Directora Nacional de PRODEMU, \u201cantes de la pandemia 1 de cada 5 mujeres\nse\u00f1alaba que la salud mental era lo m\u00e1s importante para su vida diaria. Hoy podemos\napreciar, que, tras la publicaci\u00f3n de la ley de protecci\u00f3n de salud mental, las\nmujeres siguen siendo las m\u00e1s afectadas en Chile.\u201d<\/p>\n\n\n\n<p>Esto de\nacuerdo al Centro de Estudio de PRODEMU, fundaci\u00f3n que preside la Primera Dama,\nque realiz\u00f3 un seguimiento a m\u00e1s de 18 mil mujeres a trav\u00e9s de conversaciones\ntelef\u00f3nicas, logrando identificar los sentimientos y preocupaciones actuales de\nlas mujeres, adem\u00e1s de conocer su situaci\u00f3n laboral, econ\u00f3mica y c\u00f3mo est\u00e1n\nsobrellevando la pandemia durante el 2020.<\/p>\n\n\n\n<p>Seg\u00fan las\ncifras obtenidas, las principales preocupaciones de las mujeres tienen que ver\ncon sus situaciones familiares, salud e ingresos econ\u00f3micos. Con respecto al\nprimer t\u00f3pico, un 30% de las mujeres se\u00f1ala estar preocupadas con sus\nrelaciones familiares. Mientras que un 15% declara tener preocupaciones con\nrespecto a su salud y un 34% expresa que su situaci\u00f3n laboral e ingresos\necon\u00f3micos se han visto afectados.&nbsp; <\/p>\n\n\n\n<p>Asimismo, un\n70% de las mujeres declara tener miedo con respecto a la pandemia, un 14% tiene\nsentimientos de ansiedad y tristeza y un 12% expresa tener emociones relacionadas\na la rabia e impotencia. <\/p>\n\n\n\n<p>Para Cecilia\nMorel, \u201cesta ley permitir\u00e1 resguardar la voluntad y preferencia de las\npersonas, donde se dar\u00e1 prioridad al tratamiento ambulatorio o con atenci\u00f3n a\ndomicilio por parte <\/p>\n\n\n\n<p>del personal\nm\u00e9dico. Esta iniciativa llega para mejorar nuestra calidad de vida, la de\nnuestras familias y para que las personas tengamos un constante apoyo\npsicol\u00f3gico y mental.\u201d <\/p>\n\n\n\n<p>La\npromulgaci\u00f3n de la nueva ley se enmarca dentro del Programa SaludableMente y\nHospital Digital, modalidades que cuentan con ayuda v\u00eda internet, telef\u00f3nica o\naudiovisual, las cuales han permitido realizar 174 mil consultas de manera\nremota hasta la fecha, proyectando mas de 1 mill\u00f3n de consultas para fines de\neste a\u00f1o a lo largo de todo Chile. <\/p>\n\n\n\n<p>Para\nacceder a <strong>Hospital Digital<\/strong> lo puedes realizar a trav\u00e9s del siguiente\nlink: <a href=\"https:\/\/www.hospitaldigital.gob.cl\">https:\/\/www.hospitaldigital.gob.cl<\/a><\/p>\n\n\n\n<p>Tambi\u00e9n\npuedes acceder al Programa desde el sitio web del <strong>Ministerio de Salud<\/strong>:<\/p>\n\n\n\n<p><a href=\"https:\/\/www.minsal.cl\">https:\/\/www.minsal.cl<\/a><\/p>\n","protected":false},"excerpt":{"rendered":"<p>Durante la jornada del martes 11 de mayo, el presidente Sebasti\u00e1n Pi\u00f1era anunci\u00f3 la nueva ley, la que permitir\u00e1 establecer marcos y derechos de protecci\u00f3n para quienes soliciten atenci\u00f3n mental,&#8230; <a class=\"read-more\" href=\"https:\/\/www.radiopresidenteibanez.cl\/web\/nueva-ley-de-proteccion-de-la-salud-mental-desde-atencion-remota-hasta-hospitalizacion-de-casos-graves\/\">Leer m\u00e1s<\/a><\/p>\n","protected":false},"author":2,"featured_media":14815,"comment_status":"closed","ping_status":"closed","sticky":false,"template":"","format":"standard","meta":{"footnotes":""},"categories":[1],"tags":[],"class_list":["post-20674","post","type-post","status-publish","format-standard","has-post-thumbnail","hentry","category-cronica"],"_links":{"self":[{"href":"https:\/\/www.radiopresidenteibanez.cl\/web\/wp-json\/wp\/v2\/posts\/20674","targetHints":{"allow":["GET"]}}],"collection":[{"href":"https:\/\/www.radiopresidenteibanez.cl\/web\/wp-json\/wp\/v2\/posts"}],"about":[{"href":"https:\/\/www.radiopresidenteibanez.cl\/web\/wp-json\/wp\/v2\/types\/post"}],"author":[{"embeddable":true,"href":"https:\/\/www.radiopresidenteibanez.cl\/web\/wp-json\/wp\/v2\/users\/2"}],"replies":[{"embeddable":true,"href":"https:\/\/www.radiopresidenteibanez.cl\/web\/wp-json\/wp\/v2\/comments?post=20674"}],"version-history":[{"count":0,"href":"https:\/\/www.radiopresidenteibanez.cl\/web\/wp-json\/wp\/v2\/posts\/20674\/revisions"}],"wp:featuredmedia":[{"embeddable":true,"href":"https:\/\/www.radiopresidenteibanez.cl\/web\/wp-json\/wp\/v2\/media\/14815"}],"wp:attachment":[{"href":"https:\/\/www.radiopresidenteibanez.cl\/web\/wp-json\/wp\/v2\/media?parent=20674"}],"wp:term":[{"taxonomy":"category","embeddable":true,"href":"https:\/\/www.radiopresidenteibanez.cl\/web\/wp-json\/wp\/v2\/categories?post=20674"},{"taxonomy":"post_tag","embeddable":true,"href":"https:\/\/www.radiopresidenteibanez.cl\/web\/wp-json\/wp\/v2\/tags?post=20674"}],"curies":[{"name":"wp","href":"https:\/\/api.w.org\/{rel}","templated":true}]}}