{"id":20671,"date":"2021-05-13T01:01:36","date_gmt":"2021-05-13T01:01:36","guid":{"rendered":"https:\/\/www.radiopresidenteibanez.cl\/web\/?p=20671"},"modified":"2021-05-13T01:01:42","modified_gmt":"2021-05-13T01:01:42","slug":"cecilia-morel-hace-llamado-a-mujeres-a-participar-en-las-elecciones-seamos-una-vez-mas-las-protagonistas-de-nuestra-historia-y-forjadoras-del-devenir-de-nuestro-pais","status":"publish","type":"post","link":"https:\/\/www.radiopresidenteibanez.cl\/web\/cecilia-morel-hace-llamado-a-mujeres-a-participar-en-las-elecciones-seamos-una-vez-mas-las-protagonistas-de-nuestra-historia-y-forjadoras-del-devenir-de-nuestro-pais\/","title":{"rendered":"CECILIA MOREL HACE LLAMADO A MUJERES A PARTICIPAR EN LAS ELECCIONES:  \u201cSEAMOS UNA VEZ M\u00c1S LAS PROTAGONISTAS DE NUESTRA  HISTORIA Y FORJADORAS DEL DEVENIR DE NUESTRO PA\u00cdS\u201d"},"content":{"rendered":"\n<p>En el Patio de Los Naranjos del\nPalacio de La Moneda, la primera dama, Cecilia Morel, lider\u00f3 junto a ministras\ny subsecretarias del gabinete un llamado a las mujeres del pa\u00eds a participar en\nlas pr\u00f3ximas elecciones de constituyentes, gobernadores, alcaldes y concejales\nque se realizar\u00e1n este s\u00e1bado y domingo en el pa\u00eds. <\/p>\n\n\n\n<p>En la oportunidad, le esposa del\nPresidente hizo un fuerte llamado a todas la mujeres: \u201cEn esta elecci\u00f3n\nparticipemos dando ejemplo de civilidad, con respeto y en paz, para que nuestra\nvoz sea escuchada y representada. Nosotras tenemos un lugar en esta sociedad y\ndebemos representarlo\u201d.<\/p>\n\n\n\n<p>Adem\u00e1s, dijo: \u201cSi bien s\u00e9 que\nentre nosotras tenemos diferencias, distintas opiniones y sensibilidades, y es\nleg\u00edtimo que as\u00ed sea, como mujeres tenemos la responsabilidad de empatizar las\nunas con las otras, porque es esta unidad la que ha caracterizado la historia\nde las reivindicaciones femeninas\u201d. <\/p>\n\n\n\n<p>Asimismo, en la oportunidad, la\nprimera dama, puntualiz\u00f3 la importancia de esta elecci\u00f3n: \u201cLa redacci\u00f3n de\nnuestra Constituci\u00f3n es tan fundamental para nuestro futuro que debemos\ninformarnos, consultar y debatir sobre sus contenidos y alcances. Porque a\ntrav\u00e9s de nuestra Constituci\u00f3n se establecen los valores y principios que\nqueremos nos orienten como sociedad. Sin duda, este es el aspecto m\u00e1s conocido\ny deseado por la ciudadan\u00eda\u201d. <\/p>\n\n\n\n<p>Adem\u00e1s, destac\u00f3: \u201cNuestra\nConstituci\u00f3n tambi\u00e9n contiene otra serie de disposiciones legales, menos\nconocida pero indispensable, que es aquella que organiza los poderes del Estado,\nEjecutivo, Legislativo y Judicial, y sus atribuciones y limitaciones, sus\nderechos y deberes. Es fundamental entonces, el adecuado complemento entre el\nresguardo de las garant\u00edas y derechos fundamentales de todas las personas con\nla construcci\u00f3n de una estructura y organizaci\u00f3n del Estado que nos permita\ncomo pa\u00eds el di\u00e1logo fluido y constructivo entre los distintos poderes y\n\u00f3rganos de nuestra administraci\u00f3n p\u00fablica facilitando la implementaci\u00f3n y\ncumplimiento de nuestros deberes y derechos en post del bien com\u00fan\u201d.<\/p>\n\n\n\n<p>Por su parte, la ministra de la\nMujer y Equidad de G\u00e9nero, M\u00f3nica Zalaquett, agreg\u00f3: \u201c\u201chace 68 a\u00f1os las mujeres\nconsolidamos por primera vez nuestro derecho a voto, hemos visto que durante\nlos \u00faltimos a\u00f1os han sido las mujeres quienes han concurrido en mayor n\u00famero a\nlas urnas. Por eso, quiero hacer un llamado especial a que nuevamente las\nmujeres seamos las protagonistas. Las autoridades respectivas han tomado las\nmedidas para que puedan sufragar de manera segura y dirigirme especialmente a\nlas embarazadas que tendr\u00e1n un horario sugerido entre las 2 y las 6 de tarde y\npor supuesto, acceso preferencial\u00bb.<\/p>\n\n\n\n<p><strong>Participaci\u00f3n electoral femenina<\/strong><\/p>\n\n\n\n<p>En 1934 las mujeres lograron el\nderecho a elegir y ser elegidas por primera vez en la historia de nuestro pa\u00eds\nen elecciones municipales. Por su parte, en 1949 se promulg\u00f3 la ley que le\npermiti\u00f3 a las mujeres votar por primera vez en una elecci\u00f3n parlamentaria y\npresidencial, dicha elecci\u00f3n ocurri\u00f3 en el a\u00f1o 1952. <\/p>\n\n\n\n<p>Han pasado casi 70 a\u00f1os de ese\nhito hist\u00f3rico y este nuevo hito eleccionario marcar\u00e1 la historia de Chile.\nDebido a la paridad de g\u00e9nero, la nueva constituci\u00f3n ser\u00e1 escrita por el mismo\nn\u00famero de hombres y mujeres represent\u00e1ndonos.<\/p>\n\n\n\n<p>Seg\u00fan las cifras del SERVEL la\nparticipaci\u00f3n de las mujeres, incluso con voto voluntario, ha sido\nhist\u00f3ricamente mayor a la de los hombres. En el siguiente gr\u00e1fico se muestra\nque en promedio las mujeres votan un 5% m\u00e1s que los hombres en cada elecci\u00f3n. <\/p>\n\n\n\n<p>A\u00f1o&nbsp;&nbsp;&nbsp;&nbsp;&nbsp;&nbsp; Elecci\u00f3n&nbsp;&nbsp;&nbsp;&nbsp;&nbsp;&nbsp;&nbsp;&nbsp;&nbsp;&nbsp;&nbsp;&nbsp; Total\nVotantes&nbsp; Voto Mujeres&nbsp;&nbsp;&nbsp; Voto Hombres<\/p>\n\n\n\n<p>2020&nbsp;&nbsp;&nbsp;&nbsp; Plebiscito Nacional&nbsp;&nbsp;&nbsp;&nbsp;&nbsp;&nbsp;&nbsp; 7.511.123&nbsp;&nbsp;&nbsp;&nbsp;&nbsp;&nbsp;&nbsp;&nbsp;&nbsp;&nbsp; 3.977.810 (53%)&nbsp;&nbsp;&nbsp;&nbsp;&nbsp;&nbsp;&nbsp;&nbsp;&nbsp;&nbsp;&nbsp;&nbsp;&nbsp; 3.533.313 (47%)<\/p>\n\n\n\n<p>2017&nbsp;&nbsp;&nbsp;&nbsp; Segunda Vuelta Presidencial&nbsp;&nbsp;&nbsp;&nbsp;&nbsp; 7.007.668&nbsp;&nbsp;&nbsp;&nbsp;&nbsp;&nbsp;&nbsp;&nbsp;&nbsp;&nbsp; 3.776.216 (53,9%)&nbsp;&nbsp;&nbsp;&nbsp;&nbsp;&nbsp;&nbsp;&nbsp;&nbsp;&nbsp;&nbsp;&nbsp;&nbsp; 3.231.452 (46,1%)<\/p>\n\n\n\n<p>2017&nbsp;&nbsp;&nbsp;&nbsp; Presidencial, Parlamentarias y Core&nbsp;&nbsp;&nbsp;&nbsp;&nbsp;&nbsp; 6.674.159&nbsp;&nbsp;&nbsp;&nbsp;&nbsp;&nbsp;&nbsp;&nbsp;&nbsp; 3.645.798\n(54,6%) 3.028.361 (45,4%)<\/p>\n\n\n\n<p>2013&nbsp;&nbsp;&nbsp;&nbsp; Segunda Vuelta Presidencial&nbsp;&nbsp;&nbsp;&nbsp;&nbsp; 5.684.681&nbsp;&nbsp;&nbsp;&nbsp;&nbsp;&nbsp;&nbsp;&nbsp;&nbsp;&nbsp; 3.131.577 (55,1%)&nbsp;&nbsp;&nbsp;&nbsp;&nbsp;&nbsp;&nbsp;&nbsp;&nbsp;&nbsp;&nbsp;&nbsp;&nbsp; 2.553.104 (44,9%)<\/p>\n\n\n\n<p>2013&nbsp;&nbsp;&nbsp;&nbsp; Presidencial, Parlamentarias, Core &nbsp;&nbsp;&nbsp;&nbsp;&nbsp;&nbsp;&nbsp;&nbsp; 6.668.686&nbsp;&nbsp;&nbsp;&nbsp;&nbsp;&nbsp;&nbsp;&nbsp;&nbsp; 3.644.174\n(54,6%) 3.024.512 (45,4%)<\/p>\n\n\n\n<p>2012&nbsp;&nbsp;&nbsp;&nbsp; Municipales&nbsp;&nbsp;&nbsp;&nbsp;&nbsp; 5.771.372&nbsp;&nbsp;&nbsp;&nbsp;&nbsp;&nbsp;&nbsp;&nbsp;&nbsp;&nbsp; 3.147.348 (54,5%)&nbsp;&nbsp;&nbsp;&nbsp;&nbsp;&nbsp;&nbsp;&nbsp;&nbsp; 2.624.024 (45,5%)<\/p>\n\n\n\n<p>En tanto, los comicios de este\nfin de semana tendr\u00e1n una mayor representaci\u00f3n de mujeres en la lista de\ncandidatos:<\/p>\n\n\n\n<p>\u2022&nbsp;&nbsp;&nbsp;&nbsp;&nbsp;&nbsp;&nbsp;&nbsp;&nbsp;&nbsp;&nbsp; En\nel caso de los concejales, el porcentaje de postulantes mujeres subi\u00f3 de 32,1%\nel 2016 a 38,9% el 2021.<\/p>\n\n\n\n<p>\u2022&nbsp;&nbsp;&nbsp;&nbsp;&nbsp;&nbsp;&nbsp;&nbsp;&nbsp;&nbsp;&nbsp; En\nalcaldes subi\u00f3 de 19,5% (2016) a 22,6% (2021). <\/p>\n\n\n\n<p>Asimismo, seg\u00fan cifras entregadas\npor el SERVEL, el Padr\u00f3n Electoral Definitivo para estas elecciones son de\n14.900.189. De ellos, un 49% corresponde a hombres (7.257.749) y un 51% a\nmujeres (7.642.440).<\/p>\n\n\n\n<p><strong>Estudio \u201cAutonom\u00eda y participaci\u00f3n ciudadana de mujeres\u201d de PRODEMU<\/strong><\/p>\n\n\n\n<p>Por \u00faltimo, es importante\ndestacar un estudio realizado por la Fundaci\u00f3n de la Presidencia, PRODEMU, el\ncual permiti\u00f3 conocer y analizar la opini\u00f3n p\u00fablica de participaci\u00f3n de mujeres\nde todo Chile en las pr\u00f3ximas elecciones.<\/p>\n\n\n\n<p>Algunos resultados:<\/p>\n\n\n\n<p>\u2022&nbsp;&nbsp;&nbsp;&nbsp;&nbsp;&nbsp;&nbsp;&nbsp;&nbsp;&nbsp;&nbsp; Mayor\nintenci\u00f3n de votar el 15 y 16 de mayo se encuentra en el rango etario entre 41\ny 50 a\u00f1os de edad, con un 83%. Seguidas por las mujeres entre 71 y 80 a\u00f1os, con\nun 77% de intenci\u00f3n de ir a votar.<\/p>\n\n\n\n<p>\u2022&nbsp;&nbsp;&nbsp;&nbsp;&nbsp;&nbsp;&nbsp;&nbsp;&nbsp;&nbsp;&nbsp; 72%\nde las mujeres se\u00f1ala que asistir\u00e1 a votar al Plebiscito Constitucional de\nSalida.<\/p>\n\n\n\n<p>\u2022&nbsp;&nbsp;&nbsp;&nbsp;&nbsp;&nbsp;&nbsp;&nbsp;&nbsp;&nbsp;&nbsp; En\ntanto, un 81% asistir\u00e1 a las Elecciones Generales para Presidente de la\nRep\u00fablica.<\/p>\n\n\n\n<p>\u2022&nbsp;&nbsp;&nbsp;&nbsp;&nbsp;&nbsp;&nbsp;&nbsp;&nbsp;&nbsp;&nbsp; Mientras\nque un 76% lo har\u00e1 en las elecciones primarias ciudadanas.<\/p>\n\n\n\n<p>\u2022&nbsp;&nbsp;&nbsp;&nbsp;&nbsp;&nbsp;&nbsp;&nbsp;&nbsp;&nbsp;&nbsp; Esto\nhabla de una alta participaci\u00f3n y confianza de las mujeres en los procesos\nelectorales. El informe muestra que la alta predisposici\u00f3n a participar de los\ncomicios porque hay esperanza de que ese voto pueda cambiar su realidad.<\/p>\n","protected":false},"excerpt":{"rendered":"<p>En el Patio de Los Naranjos del Palacio de La Moneda, la primera dama, Cecilia Morel, lider\u00f3 junto a ministras y subsecretarias del gabinete un llamado a las mujeres del&#8230; <a class=\"read-more\" href=\"https:\/\/www.radiopresidenteibanez.cl\/web\/cecilia-morel-hace-llamado-a-mujeres-a-participar-en-las-elecciones-seamos-una-vez-mas-las-protagonistas-de-nuestra-historia-y-forjadoras-del-devenir-de-nuestro-pais\/\">Leer m\u00e1s<\/a><\/p>\n","protected":false},"author":2,"featured_media":20672,"comment_status":"closed","ping_status":"closed","sticky":false,"template":"","format":"standard","meta":{"footnotes":""},"categories":[1],"tags":[],"class_list":["post-20671","post","type-post","status-publish","format-standard","has-post-thumbnail","hentry","category-cronica"],"_links":{"self":[{"href":"https:\/\/www.radiopresidenteibanez.cl\/web\/wp-json\/wp\/v2\/posts\/20671","targetHints":{"allow":["GET"]}}],"collection":[{"href":"https:\/\/www.radiopresidenteibanez.cl\/web\/wp-json\/wp\/v2\/posts"}],"about":[{"href":"https:\/\/www.radiopresidenteibanez.cl\/web\/wp-json\/wp\/v2\/types\/post"}],"author":[{"embeddable":true,"href":"https:\/\/www.radiopresidenteibanez.cl\/web\/wp-json\/wp\/v2\/users\/2"}],"replies":[{"embeddable":true,"href":"https:\/\/www.radiopresidenteibanez.cl\/web\/wp-json\/wp\/v2\/comments?post=20671"}],"version-history":[{"count":0,"href":"https:\/\/www.radiopresidenteibanez.cl\/web\/wp-json\/wp\/v2\/posts\/20671\/revisions"}],"wp:featuredmedia":[{"embeddable":true,"href":"https:\/\/www.radiopresidenteibanez.cl\/web\/wp-json\/wp\/v2\/media\/20672"}],"wp:attachment":[{"href":"https:\/\/www.radiopresidenteibanez.cl\/web\/wp-json\/wp\/v2\/media?parent=20671"}],"wp:term":[{"taxonomy":"category","embeddable":true,"href":"https:\/\/www.radiopresidenteibanez.cl\/web\/wp-json\/wp\/v2\/categories?post=20671"},{"taxonomy":"post_tag","embeddable":true,"href":"https:\/\/www.radiopresidenteibanez.cl\/web\/wp-json\/wp\/v2\/tags?post=20671"}],"curies":[{"name":"wp","href":"https:\/\/api.w.org\/{rel}","templated":true}]}}