{"id":20668,"date":"2021-05-12T13:54:51","date_gmt":"2021-05-12T13:54:51","guid":{"rendered":"https:\/\/www.radiopresidenteibanez.cl\/web\/?p=20668"},"modified":"2021-05-12T13:54:57","modified_gmt":"2021-05-12T13:54:57","slug":"diputada-amar-oficio-a-ministro-de-salud-para-solicitar-que-revise-la-situacion-deportiva-de-magallanes","status":"publish","type":"post","link":"https:\/\/www.radiopresidenteibanez.cl\/web\/diputada-amar-oficio-a-ministro-de-salud-para-solicitar-que-revise-la-situacion-deportiva-de-magallanes\/","title":{"rendered":"DIPUTADA AMAR OFICI\u00d3 A MINISTRO DE SALUD PARA SOLICITAR QUE REVISE LA SITUACI\u00d3N DEPORTIVA DE MAGALLANES"},"content":{"rendered":"\n<p>Con el objetivo de solicitar\nque revise la situaci\u00f3n deportiva de la regi\u00f3n de Magallanes y Ant\u00e1rtica\nChilena durante la emergencia sanitaria, la Diputada Sandra Amar ofici\u00f3 esta\nsemana al Ministro de Salud, Enrique Paris, gesti\u00f3n realizada a ra\u00edz de la\nreuni\u00f3n con el Comit\u00e9 de Deportistas de Magallanes. <\/p>\n\n\n\n<p>Al respecto, la\nparlamentaria explic\u00f3 \u201cdurante esta semana ofici\u00e9 al Ministro de Salud para\nsolicitarle que revise la situaci\u00f3n deportiva de nuestra Regi\u00f3n, sobre todo en\nFase 2, donde a las personas no se les permite realizar actividades deportivas\nen espacios cerrados, solo al aire libre, lo que debido a las condiciones\nclim\u00e1ticas adversas de Magallanes se hace imposible. Por ello, es necesario\nevaluar otras medidas para nosotros, sin tener una mirada tan centralista en la\ntoma de decisiones en el \u00e1mbito deportivo\u201d. <\/p>\n\n\n\n<p>A eso agreg\u00f3 que \u201cesta\nsolicitud naci\u00f3 a ra\u00edz de una reuni\u00f3n que sostuvimos con el Comit\u00e9 de\nDeportistas de Magallanes, que es una organizaci\u00f3n creada durante la pandemia\npara generar acciones que ayuden al retorno progresivo del deporte en la\nRegi\u00f3n, siempre cumpliendo los protocolos para la protecci\u00f3n del Covid 19. Ellos\nme pidieron que realice las gestiones para que se estudie la posibilidad de\npoder abrir los gimnasios y recintos deportivos cerrados en Fase 2 del Plan\nPaso a Paso, y adem\u00e1s, como parlamentaria estoy viendo la posibilidad de\ngestionar para que exista una nueva franja horaria o se extienda la actual\u201d. <\/p>\n\n\n\n<p>Destacar que luego de la\nreuni\u00f3n con este comit\u00e9, la Diputada Sandra Amar, tambi\u00e9n se reuni\u00f3 con los\nSeremis de Deporte, Odette Callahan y de Salud, Eduardo Castillo, a quienes se\nles inform\u00f3 esta situaci\u00f3n y quedaron en apoyar todas las gestiones necesarias\npara que Magallanes tenga medidas diferenciadas respecto al resto del pa\u00eds. <\/p>\n\n\n\n<p>Adem\u00e1s, es importante\nse\u00f1alar que actualmente, la franja deportiva del Plan Paso a Paso contempla de lunes\na viernes de 5:00 a 9:00 de la ma\u00f1ana. Y s\u00e1bados, domingos y festivos, de 5:00\na 10:00 de la ma\u00f1ana. Para hacer uso de este espacio deportivo permitido por el\nMinsal, las autoridades indican que no se debe utilizar auto o transporte\np\u00fablico durante este transcurso.<\/p>\n","protected":false},"excerpt":{"rendered":"<p>Con el objetivo de solicitar que revise la situaci\u00f3n deportiva de la regi\u00f3n de Magallanes y Ant\u00e1rtica Chilena durante la emergencia sanitaria, la Diputada Sandra Amar ofici\u00f3 esta semana al&#8230; <a class=\"read-more\" href=\"https:\/\/www.radiopresidenteibanez.cl\/web\/diputada-amar-oficio-a-ministro-de-salud-para-solicitar-que-revise-la-situacion-deportiva-de-magallanes\/\">Leer m\u00e1s<\/a><\/p>\n","protected":false},"author":2,"featured_media":20494,"comment_status":"closed","ping_status":"closed","sticky":false,"template":"","format":"standard","meta":{"footnotes":""},"categories":[1],"tags":[],"class_list":["post-20668","post","type-post","status-publish","format-standard","has-post-thumbnail","hentry","category-cronica"],"_links":{"self":[{"href":"https:\/\/www.radiopresidenteibanez.cl\/web\/wp-json\/wp\/v2\/posts\/20668","targetHints":{"allow":["GET"]}}],"collection":[{"href":"https:\/\/www.radiopresidenteibanez.cl\/web\/wp-json\/wp\/v2\/posts"}],"about":[{"href":"https:\/\/www.radiopresidenteibanez.cl\/web\/wp-json\/wp\/v2\/types\/post"}],"author":[{"embeddable":true,"href":"https:\/\/www.radiopresidenteibanez.cl\/web\/wp-json\/wp\/v2\/users\/2"}],"replies":[{"embeddable":true,"href":"https:\/\/www.radiopresidenteibanez.cl\/web\/wp-json\/wp\/v2\/comments?post=20668"}],"version-history":[{"count":0,"href":"https:\/\/www.radiopresidenteibanez.cl\/web\/wp-json\/wp\/v2\/posts\/20668\/revisions"}],"wp:featuredmedia":[{"embeddable":true,"href":"https:\/\/www.radiopresidenteibanez.cl\/web\/wp-json\/wp\/v2\/media\/20494"}],"wp:attachment":[{"href":"https:\/\/www.radiopresidenteibanez.cl\/web\/wp-json\/wp\/v2\/media?parent=20668"}],"wp:term":[{"taxonomy":"category","embeddable":true,"href":"https:\/\/www.radiopresidenteibanez.cl\/web\/wp-json\/wp\/v2\/categories?post=20668"},{"taxonomy":"post_tag","embeddable":true,"href":"https:\/\/www.radiopresidenteibanez.cl\/web\/wp-json\/wp\/v2\/tags?post=20668"}],"curies":[{"name":"wp","href":"https:\/\/api.w.org\/{rel}","templated":true}]}}