{"id":20664,"date":"2021-05-11T14:48:00","date_gmt":"2021-05-11T14:48:00","guid":{"rendered":"https:\/\/www.radiopresidenteibanez.cl\/web\/?p=20664"},"modified":"2021-05-11T14:48:08","modified_gmt":"2021-05-11T14:48:08","slug":"fallecio-el-destacado-ciclista-natalino-christopher-mansilla-almonacid","status":"publish","type":"post","link":"https:\/\/www.radiopresidenteibanez.cl\/web\/fallecio-el-destacado-ciclista-natalino-christopher-mansilla-almonacid\/","title":{"rendered":"FALLECI\u00d3 EL DESTACADO CICLISTA NATALINO, CHRISTOPHER MANSILLA ALMONACID"},"content":{"rendered":"\n<p>Durante las ultimas horas, se dio a conocer la lamentable\nnoticia del fallecimiento del joven ciclista natalino, seleccionado nacional,\nmedallista sudamericano y mundial, Christopher Mansilla Almonacid, quien\ntambi\u00e9n fuera destacado como uno de los mejores ciclistas en la historia de\nMagallanes.<\/p>\n\n\n\n<p>Cabe mencionar, que Mansilla Almonacid tan solo ten\u00eda 30 a\u00f1os y en las \u00faltimos semanas se vio aquejado por el Covid-19.<\/p>\n\n\n\n<p><\/p>\n\n\n\n<p>Fuente: <a href=\"https:\/\/www.esurcomunicaciones.cl\/fallecio-el-destacado-ciclista-natalino-christopher-mansilla-almonacid\/\">https:\/\/www.esurcomunicaciones.cl\/fallecio-el-destacado-ciclista-natalino-christopher-mansilla-almonacid\/<\/a><\/p>\n","protected":false},"excerpt":{"rendered":"<p>Durante las ultimas horas, se dio a conocer la lamentable noticia del fallecimiento del joven ciclista natalino, seleccionado nacional, medallista sudamericano y mundial, Christopher Mansilla Almonacid, quien tambi\u00e9n fuera destacado&#8230; <a class=\"read-more\" href=\"https:\/\/www.radiopresidenteibanez.cl\/web\/fallecio-el-destacado-ciclista-natalino-christopher-mansilla-almonacid\/\">Leer m\u00e1s<\/a><\/p>\n","protected":false},"author":2,"featured_media":20665,"comment_status":"closed","ping_status":"closed","sticky":false,"template":"","format":"standard","meta":{"footnotes":""},"categories":[1],"tags":[],"class_list":["post-20664","post","type-post","status-publish","format-standard","has-post-thumbnail","hentry","category-cronica"],"_links":{"self":[{"href":"https:\/\/www.radiopresidenteibanez.cl\/web\/wp-json\/wp\/v2\/posts\/20664","targetHints":{"allow":["GET"]}}],"collection":[{"href":"https:\/\/www.radiopresidenteibanez.cl\/web\/wp-json\/wp\/v2\/posts"}],"about":[{"href":"https:\/\/www.radiopresidenteibanez.cl\/web\/wp-json\/wp\/v2\/types\/post"}],"author":[{"embeddable":true,"href":"https:\/\/www.radiopresidenteibanez.cl\/web\/wp-json\/wp\/v2\/users\/2"}],"replies":[{"embeddable":true,"href":"https:\/\/www.radiopresidenteibanez.cl\/web\/wp-json\/wp\/v2\/comments?post=20664"}],"version-history":[{"count":0,"href":"https:\/\/www.radiopresidenteibanez.cl\/web\/wp-json\/wp\/v2\/posts\/20664\/revisions"}],"wp:featuredmedia":[{"embeddable":true,"href":"https:\/\/www.radiopresidenteibanez.cl\/web\/wp-json\/wp\/v2\/media\/20665"}],"wp:attachment":[{"href":"https:\/\/www.radiopresidenteibanez.cl\/web\/wp-json\/wp\/v2\/media?parent=20664"}],"wp:term":[{"taxonomy":"category","embeddable":true,"href":"https:\/\/www.radiopresidenteibanez.cl\/web\/wp-json\/wp\/v2\/categories?post=20664"},{"taxonomy":"post_tag","embeddable":true,"href":"https:\/\/www.radiopresidenteibanez.cl\/web\/wp-json\/wp\/v2\/tags?post=20664"}],"curies":[{"name":"wp","href":"https:\/\/api.w.org\/{rel}","templated":true}]}}