{"id":20661,"date":"2021-05-11T04:15:00","date_gmt":"2021-05-11T04:15:00","guid":{"rendered":"https:\/\/www.radiopresidenteibanez.cl\/web\/?p=20661"},"modified":"2021-05-10T23:19:53","modified_gmt":"2021-05-10T23:19:53","slug":"mas-de-12-mil-personas-sobre-40-anos-no-han-acudido-a-recibir-su-primera-dosis-de-vacuna-contra-covid-19","status":"publish","type":"post","link":"https:\/\/www.radiopresidenteibanez.cl\/web\/mas-de-12-mil-personas-sobre-40-anos-no-han-acudido-a-recibir-su-primera-dosis-de-vacuna-contra-covid-19\/","title":{"rendered":"M\u00c1S DE 12 MIL PERSONAS SOBRE 40 A\u00d1OS  NO HAN ACUDIDO A RECIBIR SU PRIMERA DOSIS DE VACUNA CONTRA COVID-19"},"content":{"rendered":"\n<p>En el reporte diario de la situaci\u00f3n\ndel Covid-19 en Magallanes, el SEREMI de Salud (S) Eduardo Castillo inform\u00f3 que\nhay en la regi\u00f3n 5.457 personas de entre 40 y 49 a\u00f1os pendientes con la 1ra\ndosis, y 11.398 con la segunda dosis. Mientras que en el tramo de 50 a\u00f1os y\nm\u00e1s, las personas rezagadas son 7.000 con la primera dosis y 10.035 con la\nsegunda vacuna.<\/p>\n\n\n\n<p>Frente a esta situaci\u00f3n, la autoridad\nde salud reiter\u00f3 el mensaje de la importancia de la vacunaci\u00f3n, tanto para la\nprotecci\u00f3n individual, pero tambi\u00e9n para contribuir al cuidado de toda la\ncomunidad. \u201cEl primer llamado es a las personas de m\u00e1s de 50 a\u00f1os, que tienen\nque realizar este proceso, por su propia seguridad y la de su familia. Pero el\nllamado mayor es a las personas de menor edad, porque vemos que disminuye la\nparticipaci\u00f3n. Porque solo entre 40 y 49 a\u00f1os hay m\u00e1s de 5 mil personas que no\nparticiparon, que coincide con el grupo que m\u00e1s se contagia y expone. Entre 20\ny 49 a\u00f1os tenemos casi el 78% de los contagiados. Entonces el llamado a ellos,\na sus familias, a sus amigos, a sus compa\u00f1eros de trabajo, y a sus empleadores\npara que den todas las facilidades para que puedan participar del proceso de\nvacunaci\u00f3n\u201d.<\/p>\n\n\n\n<p>En la misma l\u00ednea, la Autoridad\nSanitaria reiter\u00f3 el llamado a reflexionar: \u201cComo ya lo indicamos, las \u00faltimas\ndos muertes anunciadas en la regi\u00f3n evidenciaron una realidad preocupante y es\nque uno de los pacientes no hab\u00eda recibido la vacuna y el otro paciente, adulto\nmayor, se vacun\u00f3 en forma posterior al periodo estipulado en el calendario, adquiriendo\nel virus durante los 14 d\u00edas posteriores a la segunda dosis, no completando su inmunidad\u201d.<\/p>\n\n\n\n<p>\u201cHoy escuchamos de palabras de la\ndirecci\u00f3n del Servicio de Salud que en su mayor\u00eda los pacientes que se\nencuentran internados en UCI no cuentan con las vacunas contra el Covid, ya sea\npor incumplimiento de fecha de calendario o por edad. Esperamos que lo\nexpuesto, nos lleve a meditar sobre la importancia de vacunarse en los plazos\nestipulados, recibiendo sus dos dosis y, a su vez, manteniendo las medidas de\nprevenci\u00f3n como el uso permanente de mascarillas, el continuo lavado de manos\ncon agua y jab\u00f3n y manteniendo el distanciamiento social\u201d, resalt\u00f3.<\/p>\n\n\n\n<p>Con relaci\u00f3n a las comunas que se\nencuentran en cuarentena, el SEREMI explic\u00f3 que no se requieren permisos para\nacudir a este proceso, al igual que para asistir a las b\u00fasquedas activas de\ncasos. Frente a esto se apela a la responsabilidad de la comunidad para\nutilizar de buena forma esta autorizaci\u00f3n para acudir a vacunarse. <\/p>\n\n\n\n<p>En el mismo tema, este mediod\u00eda arrib\u00f3\na la regi\u00f3n una nueva partida de vacunas contra el Covid-19, consistente en\n2.340 dosis de vacunas Pfizer y 2.400 Coronavac. <\/p>\n\n\n\n<p><strong>Calendario de vacunaci\u00f3n<\/strong><\/p>\n\n\n\n<p>En la campa\u00f1a contra el Covid-19, esta\nsemana est\u00e1 destinada a las personas de 35 a 39 a\u00f1os, comenzando este lunes con\nlos de 39 a\u00f1os, avanzando un a\u00f1o por d\u00eda. A su vez, deben concurrir a\ninocularse las mujeres embarazadas de 16 semanas y m\u00e1s con comorbilidades como\nobesidad, s\u00edndrome hipertensivo del embarazo, diabetes pre y gestacional, entre\notros. Tambi\u00e9n deben recibir su segunda dosis, las personas que recibieron la\nprimera vacuna entre el 12 y 18 de abril y rezagados cr\u00f3nicos entre 30 y 35\na\u00f1os. <\/p>\n\n\n\n<p>La campa\u00f1a de vacunaci\u00f3n contra el\nCovid-19 se desarrollar\u00e1 de manera durante esta semana: El horario de funcionamiento\nde los puntos de vacunaci\u00f3n ser\u00e1 de lunes a viernes de 10.00 a 16.00 horas. El\nlunes 10 y martes 11 de mayo se vacunar\u00e1 contra el Covid-19 en el Liceo\nContardi, Escuela Hernando de Magallanes y Escuela Patagonia. Producto que\nalgunos establecimientos educacionales funcionar\u00e1n como centros de votaci\u00f3n\npara las elecciones del fin de semana, entre el mi\u00e9rcoles 12, jueves 13 y\nviernes 14 de mayo se continuar\u00e1 con el proceso en el Liceo Contardi, pero\nadem\u00e1s funcionar\u00e1 un punto de vacunaci\u00f3n en el segundo piso en el m\u00f3dulo\ncentral de Zona Franca, en la enfermer\u00eda del IST.<\/p>\n","protected":false},"excerpt":{"rendered":"<p>En el reporte diario de la situaci\u00f3n del Covid-19 en Magallanes, el SEREMI de Salud (S) Eduardo Castillo inform\u00f3 que hay en la regi\u00f3n 5.457 personas de entre 40 y&#8230; <a class=\"read-more\" href=\"https:\/\/www.radiopresidenteibanez.cl\/web\/mas-de-12-mil-personas-sobre-40-anos-no-han-acudido-a-recibir-su-primera-dosis-de-vacuna-contra-covid-19\/\">Leer m\u00e1s<\/a><\/p>\n","protected":false},"author":2,"featured_media":20662,"comment_status":"closed","ping_status":"closed","sticky":false,"template":"","format":"standard","meta":{"footnotes":""},"categories":[1],"tags":[],"class_list":["post-20661","post","type-post","status-publish","format-standard","has-post-thumbnail","hentry","category-cronica"],"_links":{"self":[{"href":"https:\/\/www.radiopresidenteibanez.cl\/web\/wp-json\/wp\/v2\/posts\/20661","targetHints":{"allow":["GET"]}}],"collection":[{"href":"https:\/\/www.radiopresidenteibanez.cl\/web\/wp-json\/wp\/v2\/posts"}],"about":[{"href":"https:\/\/www.radiopresidenteibanez.cl\/web\/wp-json\/wp\/v2\/types\/post"}],"author":[{"embeddable":true,"href":"https:\/\/www.radiopresidenteibanez.cl\/web\/wp-json\/wp\/v2\/users\/2"}],"replies":[{"embeddable":true,"href":"https:\/\/www.radiopresidenteibanez.cl\/web\/wp-json\/wp\/v2\/comments?post=20661"}],"version-history":[{"count":0,"href":"https:\/\/www.radiopresidenteibanez.cl\/web\/wp-json\/wp\/v2\/posts\/20661\/revisions"}],"wp:featuredmedia":[{"embeddable":true,"href":"https:\/\/www.radiopresidenteibanez.cl\/web\/wp-json\/wp\/v2\/media\/20662"}],"wp:attachment":[{"href":"https:\/\/www.radiopresidenteibanez.cl\/web\/wp-json\/wp\/v2\/media?parent=20661"}],"wp:term":[{"taxonomy":"category","embeddable":true,"href":"https:\/\/www.radiopresidenteibanez.cl\/web\/wp-json\/wp\/v2\/categories?post=20661"},{"taxonomy":"post_tag","embeddable":true,"href":"https:\/\/www.radiopresidenteibanez.cl\/web\/wp-json\/wp\/v2\/tags?post=20661"}],"curies":[{"name":"wp","href":"https:\/\/api.w.org\/{rel}","templated":true}]}}