{"id":20659,"date":"2021-05-11T04:00:00","date_gmt":"2021-05-11T04:00:00","guid":{"rendered":"https:\/\/www.radiopresidenteibanez.cl\/web\/?p=20659"},"modified":"2021-05-10T23:16:09","modified_gmt":"2021-05-10T23:16:09","slug":"municipio-de-punta-arenas-invita-a-inscribirse-en-taller-para-identificar-rasgos-de-personas-violentas","status":"publish","type":"post","link":"https:\/\/www.radiopresidenteibanez.cl\/web\/municipio-de-punta-arenas-invita-a-inscribirse-en-taller-para-identificar-rasgos-de-personas-violentas\/","title":{"rendered":"MUNICIPIO DE PUNTA ARENAS INVITA A INSCRIBIRSE EN TALLER PARA IDENTIFICAR RASGOS DE PERSONAS VIOLENTAS"},"content":{"rendered":"\n<p>Una serie de talleres se encuentra realizando la Oficina de\nla Mujer, dependiente de la Direcci\u00f3n de Desarrollo Comunitario de la\nMunicipalidad de Punta Arenas.<\/p>\n\n\n\n<p>En este contexto, este mi\u00e9rcoles 12 de mayo a las 11 horas,\nse llevar\u00e1 a cabo la charla taller \u201cCaracter\u00edsticas de las personas que ejercen\nviolencia\u201d, que se realizar\u00e1 v\u00eda online, y tiene por objetivo que las mujeres\nidentifiquen rasgos de las personas violentas a fin de prevenir este tipo de\ninteracciones y establecer relaciones de pareja igualitarias como parte de las\naptitudes para la vida y la incorporaci\u00f3n del concepto de que el respeto entre\ns\u00ed es base de la construcci\u00f3n de la pareja.<\/p>\n\n\n\n<p>El taller ser\u00e1 de car\u00e1cter participativo, por lo que se\ngenerar\u00e1 la instancia para poder resolver dudas y conversar en torno al tema.<\/p>\n\n\n\n<p>Las personas interesadas pueden inscribirse a los correos:\nps.lineavcm@e-puntaarenas.cl o ts.lineavcm@e-puntaarenas.cl, donde deben enviar\nsu Nombre, Rut, Direcci\u00f3n, Tel\u00e9fono y Correo Electr\u00f3nico.<\/p>\n\n\n\n<p>El link se les enviar\u00e1 a trav\u00e9s del correo, unos minutos antes\nde iniciar el taller.&nbsp;&nbsp;&nbsp; <\/p>\n","protected":false},"excerpt":{"rendered":"<p>Una serie de talleres se encuentra realizando la Oficina de la Mujer, dependiente de la Direcci\u00f3n de Desarrollo Comunitario de la Municipalidad de Punta Arenas. En este contexto, este mi\u00e9rcoles&#8230; <a class=\"read-more\" href=\"https:\/\/www.radiopresidenteibanez.cl\/web\/municipio-de-punta-arenas-invita-a-inscribirse-en-taller-para-identificar-rasgos-de-personas-violentas\/\">Leer m\u00e1s<\/a><\/p>\n","protected":false},"author":2,"featured_media":11772,"comment_status":"closed","ping_status":"closed","sticky":false,"template":"","format":"standard","meta":{"footnotes":""},"categories":[1],"tags":[],"class_list":["post-20659","post","type-post","status-publish","format-standard","has-post-thumbnail","hentry","category-cronica"],"_links":{"self":[{"href":"https:\/\/www.radiopresidenteibanez.cl\/web\/wp-json\/wp\/v2\/posts\/20659","targetHints":{"allow":["GET"]}}],"collection":[{"href":"https:\/\/www.radiopresidenteibanez.cl\/web\/wp-json\/wp\/v2\/posts"}],"about":[{"href":"https:\/\/www.radiopresidenteibanez.cl\/web\/wp-json\/wp\/v2\/types\/post"}],"author":[{"embeddable":true,"href":"https:\/\/www.radiopresidenteibanez.cl\/web\/wp-json\/wp\/v2\/users\/2"}],"replies":[{"embeddable":true,"href":"https:\/\/www.radiopresidenteibanez.cl\/web\/wp-json\/wp\/v2\/comments?post=20659"}],"version-history":[{"count":0,"href":"https:\/\/www.radiopresidenteibanez.cl\/web\/wp-json\/wp\/v2\/posts\/20659\/revisions"}],"wp:featuredmedia":[{"embeddable":true,"href":"https:\/\/www.radiopresidenteibanez.cl\/web\/wp-json\/wp\/v2\/media\/11772"}],"wp:attachment":[{"href":"https:\/\/www.radiopresidenteibanez.cl\/web\/wp-json\/wp\/v2\/media?parent=20659"}],"wp:term":[{"taxonomy":"category","embeddable":true,"href":"https:\/\/www.radiopresidenteibanez.cl\/web\/wp-json\/wp\/v2\/categories?post=20659"},{"taxonomy":"post_tag","embeddable":true,"href":"https:\/\/www.radiopresidenteibanez.cl\/web\/wp-json\/wp\/v2\/tags?post=20659"}],"curies":[{"name":"wp","href":"https:\/\/api.w.org\/{rel}","templated":true}]}}