{"id":20656,"date":"2021-05-11T03:45:00","date_gmt":"2021-05-11T03:45:00","guid":{"rendered":"https:\/\/www.radiopresidenteibanez.cl\/web\/?p=20656"},"modified":"2021-05-10T23:14:05","modified_gmt":"2021-05-10T23:14:05","slug":"en-prision-preventiva-quedo-sujeto-formalizado-por-homicidio-frustrado","status":"publish","type":"post","link":"https:\/\/www.radiopresidenteibanez.cl\/web\/en-prision-preventiva-quedo-sujeto-formalizado-por-homicidio-frustrado\/","title":{"rendered":"EN PRISI\u00d3N PREVENTIVA QUED\u00d3 SUJETO FORMALIZADO POR HOMICIDIO FRUSTRADO"},"content":{"rendered":"\n<figure class=\"wp-block-table\"><table class=\"\"><tbody><tr><td> Por ser un peligro para la   seguridad de la sociedad, hoy, el Fiscal Manuel Soto, solicit\u00f3 la prisi\u00f3n   preventiva del imputado Fredy Ulloa Mart\u00ednez, quien fue formalizado por el   delito de homicidio frustrado, medida cautelar que fue otorgada por el Juez de   Garant\u00eda, fij\u00e1ndose un plazo de 3 meses de investigaci\u00f3n del hecho.   <br>\u00a0   <br>El delito se perpetr\u00f3 en las afueras del Albergue Uno FIDE XII, en circunstancias que imputado y   v\u00edctima intentan ingresar al lugar no contando con autorizaci\u00f3n,   produci\u00e9ndose una discusi\u00f3n entre ellos que culmin\u00f3 cuando Ulloa extrajo un   cortapluma de entre sus vestimentas atacando a la v\u00edctima, quien se encuentra   de gravedad\u00a0 en el Hospital Regional   debiendo ser intervenido.    <br>\u00a0  <br>Cabe indicar que el imputado   cometi\u00f3 este delito a poco tiempo de salir de la c\u00e1rcel, gozando de un   beneficio penitenciario.   <\/td><\/tr><\/tbody><\/table><\/figure>\n","protected":false},"excerpt":{"rendered":"<p>Por ser un peligro para la seguridad de la sociedad, hoy, el Fiscal Manuel Soto, solicit\u00f3 la prisi\u00f3n preventiva del imputado Fredy Ulloa Mart\u00ednez, quien fue formalizado por el delito&#8230; <a class=\"read-more\" href=\"https:\/\/www.radiopresidenteibanez.cl\/web\/en-prision-preventiva-quedo-sujeto-formalizado-por-homicidio-frustrado\/\">Leer m\u00e1s<\/a><\/p>\n","protected":false},"author":2,"featured_media":20657,"comment_status":"closed","ping_status":"closed","sticky":false,"template":"","format":"standard","meta":{"footnotes":""},"categories":[1],"tags":[],"class_list":["post-20656","post","type-post","status-publish","format-standard","has-post-thumbnail","hentry","category-cronica"],"_links":{"self":[{"href":"https:\/\/www.radiopresidenteibanez.cl\/web\/wp-json\/wp\/v2\/posts\/20656","targetHints":{"allow":["GET"]}}],"collection":[{"href":"https:\/\/www.radiopresidenteibanez.cl\/web\/wp-json\/wp\/v2\/posts"}],"about":[{"href":"https:\/\/www.radiopresidenteibanez.cl\/web\/wp-json\/wp\/v2\/types\/post"}],"author":[{"embeddable":true,"href":"https:\/\/www.radiopresidenteibanez.cl\/web\/wp-json\/wp\/v2\/users\/2"}],"replies":[{"embeddable":true,"href":"https:\/\/www.radiopresidenteibanez.cl\/web\/wp-json\/wp\/v2\/comments?post=20656"}],"version-history":[{"count":0,"href":"https:\/\/www.radiopresidenteibanez.cl\/web\/wp-json\/wp\/v2\/posts\/20656\/revisions"}],"wp:featuredmedia":[{"embeddable":true,"href":"https:\/\/www.radiopresidenteibanez.cl\/web\/wp-json\/wp\/v2\/media\/20657"}],"wp:attachment":[{"href":"https:\/\/www.radiopresidenteibanez.cl\/web\/wp-json\/wp\/v2\/media?parent=20656"}],"wp:term":[{"taxonomy":"category","embeddable":true,"href":"https:\/\/www.radiopresidenteibanez.cl\/web\/wp-json\/wp\/v2\/categories?post=20656"},{"taxonomy":"post_tag","embeddable":true,"href":"https:\/\/www.radiopresidenteibanez.cl\/web\/wp-json\/wp\/v2\/tags?post=20656"}],"curies":[{"name":"wp","href":"https:\/\/api.w.org\/{rel}","templated":true}]}}