{"id":20653,"date":"2021-05-11T03:30:00","date_gmt":"2021-05-11T03:30:00","guid":{"rendered":"https:\/\/www.radiopresidenteibanez.cl\/web\/?p=20653"},"modified":"2021-05-10T23:07:43","modified_gmt":"2021-05-10T23:07:43","slug":"municipio-construira-3-lomos-de-toro-y-ejecutara-8-reparaciones-de-resaltos-viales","status":"publish","type":"post","link":"https:\/\/www.radiopresidenteibanez.cl\/web\/municipio-construira-3-lomos-de-toro-y-ejecutara-8-reparaciones-de-resaltos-viales\/","title":{"rendered":"MUNICIPIO CONSTRUIR\u00c1 3 LOMOS DE TORO Y EJECUTAR\u00c1 8 REPARACIONES DE RESALTOS VIALES"},"content":{"rendered":"\n<p>El pasado 7 de abril, la Direcci\u00f3n de Tr\u00e1nsito de la Municipalidad de Punta Arenas, comenz\u00f3 los trabajos de reparaci\u00f3n y normalizaci\u00f3n de 8 resaltos reductores de velocidad en diversos puntos de la comuna, los que se encontraban deteriorados o destruidos por el paso del tiempo, raz\u00f3n por la cual hoy se est\u00e1n normalizando.<\/p>\n\n\n\n<p>Asimismo, seg\u00fan lo informado por el Director de Tr\u00e1nsito, Marcel Berm\u00fadez,&nbsp; \u201clos trabajos tardar\u00e1n cerca de 6 meses, debido a que los resaltos deben ser realizados bajo la normativa vigente\u201d. De igual forma, se comunic\u00f3 que adem\u00e1s de los 8 que ser\u00e1n reparados, el plan de trabajo contempla la construcci\u00f3n de 3 nuevos Lomos de Toro en intersecciones que estaban en carpeta, y que no hab\u00edan podido ser ejecutados anteriormente.<\/p>\n\n\n\n<p>\u201cEstamos ejecutando una licitaci\u00f3n mediante la cual vamos a normalizar 8 puntos de la comuna en los cuales existen Resaltos (Lomos de Toro), los que actualmente no cumplen la normativa vigente o se encuentran en malas condiciones\u201d, reiter\u00f3 Berm\u00fadez.<\/p>\n\n\n\n<p>De igual manera, el director de Tr\u00e1nsito, explic\u00f3 que \u201chemos tenido muchos problemas viales, debido a las altas velocidades de los conductores, lo que provoca que los vecinos solicitan mayor presencia de resaltos, lo cual debe evaluarse en diversos \u00e1mbitos, tanto t\u00e9cnicos como econ\u00f3micos\u201d.<\/p>\n\n\n\n<p>A ello, el profesional agreg\u00f3 que \u201cpara poder construir un resalto, se debe evaluar t\u00e9cnicamente, observando la velocidad de la v\u00eda, entre otros factores, como es la consulta al Ministerio de Transporte\u201d.<\/p>\n\n\n\n<p>Finalmente, Berm\u00fadez aclar\u00f3 que los plazos son extensos, dado que a diferencia del resto del pa\u00eds, el material adecuado para la construcci\u00f3n de estos resaltos en Magallanes, es el hormig\u00f3n, por lo que los tiempos son distintos.<\/p>\n\n\n\n<p><strong>L\u00cdNEA N\u00b01: SOBRE NORMALIZACI\u00d3N RESALTOS EXISTENTES A DISE\u00d1O NORMATIVA VIGENTE.<\/strong><\/p>\n\n\n\n<figure class=\"wp-block-table\"><table class=\"\"><tbody><tr><td>1: AV. BULNES, ORIENTE Y PONIENTE, CON MANANTIALES, 02 RESALTOS PLANOS CON PASO CEBRA<\/td><\/tr><tr><td>2: AV. ESPA\u00d1A, ORIENTE Y PONIENTE,&nbsp; CON JOS\u00c9 GONZ\u00c1LEZ, SON 02 PLANOS CON PASO CEBRA.<\/td><\/tr><tr><td>3: AV. LOS GENERALES FRENTE ESCUELA VILLA LAS NIEVES SON 02 PLANOS CON PASO CEBRA<\/td><\/tr><tr><td>4: MANANTIALES SUR Y NORTE, FRENTE A COLEGIO CHARLES DARWIN, SON 02 REDONDEADOS<\/td><\/tr><tr><td>5: AV. ESPA\u00d1A, ORIENTE Y PONIENTE, CON MANANTIALES, SON 02 PLANOS CON PASO CEBRA<\/td><\/tr><tr><td>6: AV. GRAL. ERNESTO MEDINA PARKER CON AV. TRES MORROS, ES 01 REDONDEADO<\/td><\/tr><tr><td>7: MARDONES, ENTRE JU\u00c1REZ DE QUIROGA Y 6 DE NOVIEMBRE, ES 01 PLANO CON PASO CEBRA<\/td><\/tr><tr><td>8: MARDONES, ENTRE PUNTA DELGADA Y PUNTA DUNGENESS, ES 01 PLANO CON PASO CEBRA.<\/td><\/tr><\/tbody><\/table><\/figure>\n\n\n\n<p><strong>L\u00cdNEA N\u00b02: SOBRE CONSTRUCCI\u00d3N NUEVOS RESALTOS EN DISTINTOS SECTORES DE LA CIUDAD<\/strong><\/p>\n\n\n\n<figure class=\"wp-block-table\"><table class=\"\"><tbody><tr><td>1: EL OVEJERO, ENTRE MICHIMALONCO Y OTTO MAGGENS, ES 01 PLANO CON PASO CEBRA.<\/td><\/tr><tr><td>2: GRAL. ESTANISLAO DEL CANTO, ENTRE CIRUJANO VIDELA Y PJE. GRANADA, ES 01 PLANO CON PASO CEBRA<\/td><\/tr><tr><td>3: COMODORO ARTURO MERINO BEN\u00cdTEZ, ENTRE JARD\u00cdN INFANTIL UMAG Y LICEO NOBELIUS, ES 01 PLANO CON PASO CEBRA<\/td><\/tr><\/tbody><\/table><\/figure>\n","protected":false},"excerpt":{"rendered":"<p>El pasado 7 de abril, la Direcci\u00f3n de Tr\u00e1nsito de la Municipalidad de Punta Arenas, comenz\u00f3 los trabajos de reparaci\u00f3n y normalizaci\u00f3n de 8 resaltos reductores de velocidad en diversos&#8230; <a class=\"read-more\" href=\"https:\/\/www.radiopresidenteibanez.cl\/web\/municipio-construira-3-lomos-de-toro-y-ejecutara-8-reparaciones-de-resaltos-viales\/\">Leer m\u00e1s<\/a><\/p>\n","protected":false},"author":2,"featured_media":20654,"comment_status":"closed","ping_status":"closed","sticky":false,"template":"","format":"standard","meta":{"footnotes":""},"categories":[1],"tags":[],"class_list":["post-20653","post","type-post","status-publish","format-standard","has-post-thumbnail","hentry","category-cronica"],"_links":{"self":[{"href":"https:\/\/www.radiopresidenteibanez.cl\/web\/wp-json\/wp\/v2\/posts\/20653","targetHints":{"allow":["GET"]}}],"collection":[{"href":"https:\/\/www.radiopresidenteibanez.cl\/web\/wp-json\/wp\/v2\/posts"}],"about":[{"href":"https:\/\/www.radiopresidenteibanez.cl\/web\/wp-json\/wp\/v2\/types\/post"}],"author":[{"embeddable":true,"href":"https:\/\/www.radiopresidenteibanez.cl\/web\/wp-json\/wp\/v2\/users\/2"}],"replies":[{"embeddable":true,"href":"https:\/\/www.radiopresidenteibanez.cl\/web\/wp-json\/wp\/v2\/comments?post=20653"}],"version-history":[{"count":0,"href":"https:\/\/www.radiopresidenteibanez.cl\/web\/wp-json\/wp\/v2\/posts\/20653\/revisions"}],"wp:featuredmedia":[{"embeddable":true,"href":"https:\/\/www.radiopresidenteibanez.cl\/web\/wp-json\/wp\/v2\/media\/20654"}],"wp:attachment":[{"href":"https:\/\/www.radiopresidenteibanez.cl\/web\/wp-json\/wp\/v2\/media?parent=20653"}],"wp:term":[{"taxonomy":"category","embeddable":true,"href":"https:\/\/www.radiopresidenteibanez.cl\/web\/wp-json\/wp\/v2\/categories?post=20653"},{"taxonomy":"post_tag","embeddable":true,"href":"https:\/\/www.radiopresidenteibanez.cl\/web\/wp-json\/wp\/v2\/tags?post=20653"}],"curies":[{"name":"wp","href":"https:\/\/api.w.org\/{rel}","templated":true}]}}