{"id":20650,"date":"2021-05-11T03:00:00","date_gmt":"2021-05-11T03:00:00","guid":{"rendered":"https:\/\/www.radiopresidenteibanez.cl\/web\/?p=20650"},"modified":"2021-05-10T23:03:10","modified_gmt":"2021-05-10T23:03:10","slug":"cuatro-mujeres-cuatro-aromas-ciento-de-recetas-y-un-proposito-expandir-la-aromaterapia-en-chile","status":"publish","type":"post","link":"https:\/\/www.radiopresidenteibanez.cl\/web\/cuatro-mujeres-cuatro-aromas-ciento-de-recetas-y-un-proposito-expandir-la-aromaterapia-en-chile\/","title":{"rendered":"CUATRO MUJERES, CUATRO AROMAS, CIENTO DE RECETAS Y UN PROP\u00d3SITO: EXPANDIR LA AROMATERAPIA EN CHILE"},"content":{"rendered":"\n<p>Cuenta\nque una chica que sufr\u00eda ataques de p\u00e1nico prob\u00f3 los aceites que se aplican con\nel sistema \u201croll on\u201d y el problema desapareci\u00f3. Hay otras historias marcadas\npor el duelo que en tiempo de pandemia parecen multiplicar el dolor. Ah\u00ed la\nmezcla de aromas de aceite de bergamota, cipr\u00e9s y rosa ayudaron a levantar el\n\u00e1nimo. &nbsp;<\/p>\n\n\n\n<p>Sin\ndar nombres ni direcciones, Pilar Moreno, socia e impulsora de la empresa\nLambda Aromaterapia, va enumerando los relatos, cada uno tiene de aliado un\naroma espec\u00edfico, con esencias exquisitas que sintonizan con necesidades\nmoment\u00e1neas o permanentes. Siempre llegaron por curiosidad, recomendaci\u00f3n y hoy\nson fieles clientes que avalan la recuperaci\u00f3n an\u00edmica y emocional a trav\u00e9s de\nla aromaterapia.<\/p>\n\n\n\n<p>\u201cTenemos\nmuchos casos en que hemos ayudado, pero hay que ser claros y responsables, la\naromaterapia no es una alternativa a la medicina, sino que un complemento\u201d,\nrecalca.<\/p>\n\n\n\n<p>Algunos\ncasos requieren una asesor\u00eda espec\u00edfica para determinar el aroma preciso a\nutilizar; en otros, ya hay un largo listado de recetas asociadas a dolencias.\n&nbsp;<\/p>\n\n\n\n<p>&#8211;&nbsp;&nbsp;&nbsp;&nbsp;&nbsp;&nbsp; \u00bfC\u00f3mo\nnaci\u00f3 la idea? <\/p>\n\n\n\n<p>&#8211;&nbsp;&nbsp;&nbsp;&nbsp;&nbsp;&nbsp; En\nBuenos Aires -asiente Pilar. <\/p>\n\n\n\n<p>Fue\nun viaje &nbsp;de cuatro a\u00f1os que podr\u00eda definirse como \u201cm\u00edstico\u201d. En el pa\u00eds del\ntango inspir\u00f3, absorbi\u00f3, y contuvo el conocimiento como si se tratara de un\nejercicio de respiraci\u00f3n. Quer\u00eda un cambio y sin buscar encontr\u00f3 consuelo en\nlos olores: \u201cCada aroma tiene un efecto que est\u00e1 relacionado con el bienestar.\nAlgunos sanan, otros refrescan, y calman. En cada hogar, hay un botiqu\u00edn con\ndos o tres aceites\u201d, dice e inmediatamente desliza una acertada cr\u00edtica:\u201cen\ncambio, ac\u00e1, para cualquier dolencia o sensaci\u00f3n utilizamos alg\u00fan remedio, tenemos\nuna f\u00e1rmaco dependencia, buscamos un remedio en base a qu\u00edmicos para todo\u201d.<\/p>\n\n\n\n<p>Ya,\nen Punta Arenas, exhal\u00f3 lo aprendido en distintas escuelas especializadas de\naromaterapia y convoc\u00f3 a sus dos mejores amigas: Constanza Boccazzi y Mar\u00eda\nJes\u00fas Mella y a su madre, Mar\u00eda Eugenia Bour, para dar vida al sue\u00f1o de\nexpandir la aromaterapia en Chile. <\/p>\n\n\n\n<p>Eligieron\n\u201cLammbda\u201d, la und\u00e9cima letra del alfabeto griego para acu\u00f1ar y simbolizar la\nmarca. Ahora son cuatro magall\u00e1nicas que ya est\u00e1n en cuatro ciudades\n(Valpara\u00edso, Santiago, Punta Arenas y Chilo\u00e9) y venden de manera online a todo\nel pa\u00eds, a trav\u00e9s de la p\u00e1gina <a href=\"http:\/\/www.lambdaaromaterapia.cl\">www.lambdaaromaterapia.cl<\/a>.<\/p>\n\n\n\n<p>\u201cSomos\nreferentes en Chile y traemos esencias de India, Argentina y pronto de Francia.\nCada proveedor es especial, hay que buscar el mejor, y en eso nos hemos\nespecializado y seguimos buscando. Es muy importante trabajar con la mejor\nselecci\u00f3n\u201d, explica, mientras coloca cada uno de los productos en una mesa de\ncemento ubicada en la costanera del Estrecho. Hay poca gente, pero los que\ntransitan llegan atra\u00eddos por el aroma y la curiosidad. <\/p>\n\n\n\n<p>Las\nesencias que importan las combinan y transforman en un producto eficaz para\nsanar o agradar. Es un proceso meticuloso que requiere estudios y una\nespecializaci\u00f3n permanente.<\/p>\n\n\n\n<p>\u201cDicen\nque a trav\u00e9s del aroma entramos en contacto con el alma de las plantas y\nsintonizamos sus virtudes.&nbsp; Cada aceite esencial posee un marcado car\u00e1cter\npropio que puede ayudar a las personas a superar dolencias f\u00edsicas o\nemocionales. La aromaterapia es una buena herramienta para no depender tanto\ndel f\u00e1rmaco y buscar el autocuidado y autoconocimiento\u201d, asegura Pilar.&nbsp;<\/p>\n\n\n\n<p>En\ntodo caso, la advertencia es seguir el instinto y consultar.&nbsp; Las\nfragancias pueden ser grandes aliados a la hora de disfrutar de un buen\ndescanso, estimular la creatividad, revitalizar el \u00e1nimo o simplemente mimar al\nolfato. M\u00e1s en esta \u00e9poca de pandemia en que la aromaterapia poco a poco se\ntransforma en una alternativa segura para recuperar la anhelada tranquilidad.<\/p>\n","protected":false},"excerpt":{"rendered":"<p>Cuenta que una chica que sufr\u00eda ataques de p\u00e1nico prob\u00f3 los aceites que se aplican con el sistema \u201croll on\u201d y el problema desapareci\u00f3. Hay otras historias marcadas por el&#8230; <a class=\"read-more\" href=\"https:\/\/www.radiopresidenteibanez.cl\/web\/cuatro-mujeres-cuatro-aromas-ciento-de-recetas-y-un-proposito-expandir-la-aromaterapia-en-chile\/\">Leer m\u00e1s<\/a><\/p>\n","protected":false},"author":2,"featured_media":20651,"comment_status":"closed","ping_status":"closed","sticky":false,"template":"","format":"standard","meta":{"footnotes":""},"categories":[1],"tags":[],"class_list":["post-20650","post","type-post","status-publish","format-standard","has-post-thumbnail","hentry","category-cronica"],"_links":{"self":[{"href":"https:\/\/www.radiopresidenteibanez.cl\/web\/wp-json\/wp\/v2\/posts\/20650","targetHints":{"allow":["GET"]}}],"collection":[{"href":"https:\/\/www.radiopresidenteibanez.cl\/web\/wp-json\/wp\/v2\/posts"}],"about":[{"href":"https:\/\/www.radiopresidenteibanez.cl\/web\/wp-json\/wp\/v2\/types\/post"}],"author":[{"embeddable":true,"href":"https:\/\/www.radiopresidenteibanez.cl\/web\/wp-json\/wp\/v2\/users\/2"}],"replies":[{"embeddable":true,"href":"https:\/\/www.radiopresidenteibanez.cl\/web\/wp-json\/wp\/v2\/comments?post=20650"}],"version-history":[{"count":0,"href":"https:\/\/www.radiopresidenteibanez.cl\/web\/wp-json\/wp\/v2\/posts\/20650\/revisions"}],"wp:featuredmedia":[{"embeddable":true,"href":"https:\/\/www.radiopresidenteibanez.cl\/web\/wp-json\/wp\/v2\/media\/20651"}],"wp:attachment":[{"href":"https:\/\/www.radiopresidenteibanez.cl\/web\/wp-json\/wp\/v2\/media?parent=20650"}],"wp:term":[{"taxonomy":"category","embeddable":true,"href":"https:\/\/www.radiopresidenteibanez.cl\/web\/wp-json\/wp\/v2\/categories?post=20650"},{"taxonomy":"post_tag","embeddable":true,"href":"https:\/\/www.radiopresidenteibanez.cl\/web\/wp-json\/wp\/v2\/tags?post=20650"}],"curies":[{"name":"wp","href":"https:\/\/api.w.org\/{rel}","templated":true}]}}