{"id":20648,"date":"2021-05-11T02:45:00","date_gmt":"2021-05-11T02:45:00","guid":{"rendered":"https:\/\/www.radiopresidenteibanez.cl\/web\/?p=20648"},"modified":"2021-05-10T23:00:16","modified_gmt":"2021-05-10T23:00:16","slug":"magallanes-mujeres-y-mayores-de-60-anos-algunos-de-los-grupos-que-aun-no-se-recuperan-a-un-ano-del-inicio-de-la-pandemia","status":"publish","type":"post","link":"https:\/\/www.radiopresidenteibanez.cl\/web\/magallanes-mujeres-y-mayores-de-60-anos-algunos-de-los-grupos-que-aun-no-se-recuperan-a-un-ano-del-inicio-de-la-pandemia\/","title":{"rendered":"MAGALLANES: MUJERES Y MAYORES DE 60 A\u00d1OS, ALGUNOS DE LOS GRUPOS QUE A\u00daN NO SE RECUPERAN A UN A\u00d1O DEL INICIO DE LA PANDEMIA"},"content":{"rendered":"\n<p>En su m\u00e1s reciente edici\u00f3n, el Bolet\u00edn Laboral CEPR -elaborado por la Escuela de Negocios UAI a trav\u00e9s de su Centro de Econom\u00eda y Pol\u00edtica Regional (CEPR), en alianza con el Centro de Estudios de Conflicto y Cohesi\u00f3n Social (COES)-, realiz\u00f3 un an\u00e1lisis de la situaci\u00f3n ocupacional de la Regi\u00f3n de Magallanes y la Ant\u00e1rtica Chilena a un a\u00f1o del inicio de la pandemia.<\/p>\n\n\n\n<p>En \u00e9l, se puedo apreciar que a\u00fan queda\nmucho por hacer para recuperar las cifras de empleo exhibidas hace un a\u00f1o\natr\u00e1s, en especial en los grupos que no se han podido recuperar, como las\nmujeres, los mayores de 60 a\u00f1os y las personas con menores niveles de\nescolaridad (educaci\u00f3n b\u00e1sica y\/o media).<\/p>\n\n\n\n<p><strong>Recuperaci\u00f3n de la ocupaci\u00f3n en la\nRegi\u00f3n de Magallanes<\/strong><\/p>\n\n\n\n<p>Al observar en detalle los datos de la Encuesta Nacional de Empleo (ENE), es posible apreciar diferentes escenarios para hombres como para mujeres.<\/p>\n\n\n\n<p>En el caso del empleo masculino, este a\u00fan no ha logrado\nrecuperarse en el sector de \u201cAgricultura, silvicultura, ganader\u00eda y pesca\u201d, por\nlo que se debe seguir con cuidado el avance de esta \u00e1rea, a fin de que no quede\natr\u00e1s en una regi\u00f3n en la que dichas actividades son sumamente relevantes para\nsu econom\u00eda.<\/p>\n\n\n\n<p>En tanto, el empleo femenino a\u00fan muestra un deterioro severo en\nlos sectores de \u201cActividades profesionales y administrativas\u201d, \u201cAlojamiento y\nservicios de comidas\u201d y \u201cExplotaci\u00f3n de minas y canteras\u201d y, en t\u00e9rminos\ngenerales, muestra un nivel de recuperaci\u00f3n menor al exhibido por los hombres\nen la regi\u00f3n.<\/p>\n\n\n\n<p>Por otra parte, otros de los grupos que se encuentra m\u00e1s lejos de\nrecuperar sus cifras de ocupaci\u00f3n son las personas mayores a 60 a\u00f1os y quienes\ncuentan con menores niveles de escolaridad (educaci\u00f3n primaria o secundaria).<\/p>\n\n\n\n<p>Es por estas razones que se hace necesario apoyar los grupos m\u00e1s\nafectados con planes y programas que les permitan recuperar sus niveles de\ntrabajo prepandemia, haci\u00e9ndose cargo de las desigualdades existentes en la\nrecuperaci\u00f3n del empleo en la regi\u00f3n.<\/p>\n\n\n\n<p><strong>Detalle regi\u00f3n de Magallanes y la\nAnt\u00e1rtica Chilena<\/strong><\/p>\n\n\n\n<figure class=\"wp-block-table\"><table class=\"\"><thead><tr><td>\n   <strong>CIFRAS CLAVE<\/strong>\n   <\/td><td>\n   <strong>EFM-2020<\/strong>\n   <\/td><td>\n   <strong>DEF-2021<\/strong>\n   <\/td><td>\n   <strong>EFM-2021<\/strong>\n   <\/td><\/tr><\/thead><tbody><tr><td>\n  <strong>OCUPADOS<\/strong>\n  <\/td><td>\n  91.939\n  <\/td><td>\n  82.579\n  <\/td><td>\n  84.604\n  <\/td><\/tr><tr><td>\n  <strong>DESOCUPADOS<\/strong>\n  <\/td><td>\n  4.560\n  <\/td><td>\n  4.497\n  <\/td><td>\n  5.062\n  <\/td><\/tr><tr><td>\n  <strong>INACTIVOS<\/strong>\n  <\/td><td>\n  48.554\n  <\/td><td>\n  59.908\n  <\/td><td>\n  57.452\n  <\/td><\/tr><tr><td>\n  <strong>TASA DE DESOCUPACI\u00d3N<\/strong>\n  <\/td><td>\n  4,7%\n  <\/td><td>\n  5,2%\n  <\/td><td>\n  5,6%\n  <\/td><\/tr><tr><td>\n  <strong>TASA DE OCUPACI\u00d3N<\/strong>\n  <\/td><td>\n  63,4%\n  <\/td><td>\n  56,2%\n  <\/td><td>\n  57,5%\n  <\/td><\/tr><tr><td>\n  <strong>TASA DE DESOCUPACION COMBINADA\n  (SU3)<\/strong>\n  <\/td><td>\n  14,4%\n  <\/td><td>\n  17,1%\n  <\/td><td>\n  15,5%\n  <\/td><\/tr><tr><td>\n  <strong>TASA DE PARTICIPACI\u00d3N<\/strong>\n  <\/td><td>\n  66,5%\n  <\/td><td>\n  59,2%\n  <\/td><td>\n  60,9%\n  <\/td><\/tr><\/tbody><\/table><\/figure>\n\n\n\n<p><strong>Comparativo de las regiones analizadas\npor el Bolet\u00edn Laboral CEPR-UAI y COES<a href=\"#_ftn1\"><strong>[1]<\/strong><\/a><\/strong><\/p>\n\n\n\n<figure class=\"wp-block-table\"><table class=\"\"><tbody><tr><td>\n  <strong>Regi\u00f3n<\/strong>\n  <\/td><td>\n  <strong>Desocupados<\/strong><strong><\/strong>\n  <\/td><td>\n  <strong>Tasa de desocupaci\u00f3n<\/strong><strong><\/strong>\n  <\/td><td>\n  <strong>Tasa de desocupaci\u00f3n\n  combinada (SU3)<\/strong><strong><\/strong>\n  <\/td><td>\n  <strong>Tasa de participaci\u00f3n<\/strong><strong><\/strong>\n  <\/td><\/tr><tr><td>\n  Arica y Parinacota\n  <\/td><td>\n  8.399\n  <\/td><td>\n  7,4%\n  <\/td><td>\n  19,3%\n  <\/td><td>\n  56,1%\n  <\/td><\/tr><tr><td>\n  Antofagasta\n  <\/td><td>\n  35.512\n  <\/td><td>\n  10,7%\n  <\/td><td>\n  21,6%\n  <\/td><td>\n  60,1%\n  <\/td><\/tr><tr><td>\n  Valpara\u00edso\n  <\/td><td>\n  88.794\n  <\/td><td>\n  10%\n  <\/td><td>\n  21,7%\n  <\/td><td>\n  55,1%\n  <\/td><\/tr><tr><td>\n  Metropolitana\n  <\/td><td>\n  500.089\n  <\/td><td>\n  12,1%\n  <\/td><td>\n  19,9%\n  <\/td><td>\n  61,8%\n  <\/td><\/tr><tr><td>\n  B\u00edo-B\u00edo\n  <\/td><td>\n  65.148\n  <\/td><td>\n  9,4%\n  <\/td><td>\n  23%\n  <\/td><td>\n  51,1%\n  <\/td><\/tr><tr><td>\n  Magallanes y la Ant\u00e1rtica Chilena\n  <\/td><td>\n  5.062\n  <\/td><td>\n  5,6%\n  <\/td><td>\n  15,5%\n  <\/td><td>\n  60,9%\n  <\/td><\/tr><\/tbody><\/table><\/figure>\n\n\n\n<hr class=\"wp-block-separator\"\/>\n","protected":false},"excerpt":{"rendered":"<p>En su m\u00e1s reciente edici\u00f3n, el Bolet\u00edn Laboral CEPR -elaborado por la Escuela de Negocios UAI a trav\u00e9s de su Centro de Econom\u00eda y Pol\u00edtica Regional (CEPR), en alianza con&#8230; <a class=\"read-more\" href=\"https:\/\/www.radiopresidenteibanez.cl\/web\/magallanes-mujeres-y-mayores-de-60-anos-algunos-de-los-grupos-que-aun-no-se-recuperan-a-un-ano-del-inicio-de-la-pandemia\/\">Leer m\u00e1s<\/a><\/p>\n","protected":false},"author":2,"featured_media":740,"comment_status":"closed","ping_status":"closed","sticky":false,"template":"","format":"standard","meta":{"footnotes":""},"categories":[1],"tags":[],"class_list":["post-20648","post","type-post","status-publish","format-standard","has-post-thumbnail","hentry","category-cronica"],"_links":{"self":[{"href":"https:\/\/www.radiopresidenteibanez.cl\/web\/wp-json\/wp\/v2\/posts\/20648","targetHints":{"allow":["GET"]}}],"collection":[{"href":"https:\/\/www.radiopresidenteibanez.cl\/web\/wp-json\/wp\/v2\/posts"}],"about":[{"href":"https:\/\/www.radiopresidenteibanez.cl\/web\/wp-json\/wp\/v2\/types\/post"}],"author":[{"embeddable":true,"href":"https:\/\/www.radiopresidenteibanez.cl\/web\/wp-json\/wp\/v2\/users\/2"}],"replies":[{"embeddable":true,"href":"https:\/\/www.radiopresidenteibanez.cl\/web\/wp-json\/wp\/v2\/comments?post=20648"}],"version-history":[{"count":0,"href":"https:\/\/www.radiopresidenteibanez.cl\/web\/wp-json\/wp\/v2\/posts\/20648\/revisions"}],"wp:featuredmedia":[{"embeddable":true,"href":"https:\/\/www.radiopresidenteibanez.cl\/web\/wp-json\/wp\/v2\/media\/740"}],"wp:attachment":[{"href":"https:\/\/www.radiopresidenteibanez.cl\/web\/wp-json\/wp\/v2\/media?parent=20648"}],"wp:term":[{"taxonomy":"category","embeddable":true,"href":"https:\/\/www.radiopresidenteibanez.cl\/web\/wp-json\/wp\/v2\/categories?post=20648"},{"taxonomy":"post_tag","embeddable":true,"href":"https:\/\/www.radiopresidenteibanez.cl\/web\/wp-json\/wp\/v2\/tags?post=20648"}],"curies":[{"name":"wp","href":"https:\/\/api.w.org\/{rel}","templated":true}]}}