{"id":20645,"date":"2021-05-11T02:30:00","date_gmt":"2021-05-11T02:30:00","guid":{"rendered":"https:\/\/www.radiopresidenteibanez.cl\/web\/?p=20645"},"modified":"2021-05-10T22:53:05","modified_gmt":"2021-05-10T22:53:05","slug":"ministerio-de-energia-y-sec-publican-la-primera-guia-para-apoyar-solicitudes-de-proyectos-de-hidrogeno-verde","status":"publish","type":"post","link":"https:\/\/www.radiopresidenteibanez.cl\/web\/ministerio-de-energia-y-sec-publican-la-primera-guia-para-apoyar-solicitudes-de-proyectos-de-hidrogeno-verde\/","title":{"rendered":"MINISTERIO DE ENERG\u00cdA Y SEC PUBLICAN LA PRIMERA GU\u00cdA PARA APOYAR SOLICITUDES DE PROYECTOS DE HIDR\u00d3GENO VERDE"},"content":{"rendered":"\n<p>Para responder al inter\u00e9s que ha surgido en el pa\u00eds por emprender iniciativas de hidr\u00f3geno, la Superintendencia de Electricidad y Combustibles, SEC, junto al Ministerio de Energ\u00eda, publicaron esta ma\u00f1ana una gu\u00eda de apoyo para la solicitud de autorizaci\u00f3n de proyectos especiales de hidr\u00f3geno. Esto, con el objetivo de&nbsp;<strong>orientar a aquellas personas y empresas interesadas en implementar proyectos de hidr\u00f3geno cuando \u00e9stos consideren alguna instalaci\u00f3n relacionada con producci\u00f3n, acondicionamiento, transporte, distribuci\u00f3n, almacenamiento o consumo de hidr\u00f3geno como combustible.<\/strong><\/p>\n\n\n\n<p>En ese sentido, el&nbsp;<strong>ministro de Energ\u00eda y Miner\u00eda, Juan Carlos Jobet<\/strong>&nbsp;se\u00f1al\u00f3 que \u201cesta gu\u00eda es&nbsp;<strong>un gran apoyo a la persona o empresa interesada en desarrollar un proyecto de hidr\u00f3geno, que ayuda para realizar una completa presentaci\u00f3n de la solicitud de autorizaci\u00f3n de su proyecto a la SEC, permitiendo una tramitaci\u00f3n m\u00e1s fluida y expedita\u201d.<\/strong><\/p>\n\n\n\n<p>Por su parte, el&nbsp;<strong>superintendente de Electricidad y Combustible (SEC), Luis \u00c1vila<\/strong>&nbsp; explic\u00f3 que \u201cla Gu\u00eda para la Presentaci\u00f3n de Proyectos de Hidr\u00f3geno entrega una serie de definiciones, recomendaciones, formatos y procesos que deben seguir quienes quieran presentar estas iniciativas ante la SEC. Esta Gu\u00eda estar\u00e1 disponible en nuestra web&nbsp;<a href=\"http:\/\/www.sec.cl\/\" target=\"_blank\" rel=\"noreferrer noopener\">www.sec.cl<\/a>&nbsp;y, en la misma p\u00e1gina, se podr\u00e1n presentar los proyectos, adjuntando la informaci\u00f3n solicitada\u201d.<\/p>\n\n\n\n<p>Cabe se\u00f1alar que actualmente el Ministerio de Energ\u00eda est\u00e1 trabajando en un reglamento de seguridad para las instalaciones de hidr\u00f3geno y mientras no se cuente con dicha normativa, todas&nbsp;las instalaciones de hidr\u00f3geno en materias de dise\u00f1o, construcci\u00f3n, puesta en servicio, operaci\u00f3n, mantenimiento, inspecci\u00f3n y t\u00e9rmino definitivo de las instalaciones, deben presentar ante la Superintendencia de Electricidad y Combustibles un proyecto especial con el fin que \u00e9sta autorice el uso de tecnolog\u00edas que no se encuentran reguladas. Por tanto,&nbsp;esta gu\u00eda estar\u00e1 vigente mientras no se dicte la reglamentaci\u00f3n t\u00e9cnica antes mencionada.<\/p>\n\n\n\n<p>La Superintendencia, ante la inexistencia de reglamentaci\u00f3n sobre instalaciones de hidr\u00f3geno, podr\u00e1 permitir el uso de nuevas tecnolog\u00edas las que deber\u00e1n estar t\u00e9cnicamente respaldadas en normas o especificaciones nacionales o extranjeras, as\u00ed como en pr\u00e1cticas recomendadas de ingenier\u00eda de la industria internacionalmente reconocidas.<\/p>\n\n\n\n<p>\u201cPara&nbsp;desarrollar la industria del hidr\u00f3geno verde es esencial contar con un marco regulatorio adecuado. Es por eso, que, adem\u00e1s de esta gu\u00eda, tenemos una serie de iniciativas que como Ministerio estamos impulsando para avanzar en la reglamentaci\u00f3n y regulaci\u00f3n de esta nueva industria. Entre ellas, conformaremos una mesa para trabajar la calidad del hidr\u00f3geno para estudiar su implementaci\u00f3n en distintos usos, como celdas de combustibles y calderas\u201d anunci\u00f3 Jobet.<\/p>\n\n\n\n<p>Tambi\u00e9n agreg\u00f3 que se inici\u00f3 un trabajo entre el Ministerio, la CNE y la SEC para elaborar un proyecto de ley de cuotas de H2 en redes de gas, \u201cque esperamos ingresar durante este a\u00f1o\u201d.&nbsp;<\/p>\n\n\n\n<p>Finalmente, la autoridad tambi\u00e9n se\u00f1al\u00f3 que \u201cestamos poniendo todos los esfuerzos para publicar el reglamento de instalaciones antes de que finalicemos este Gobierno, plazo que inicialmente era para el 2025 y hoy le estamos poniendo acelerador\u201d.<\/p>\n\n\n\n<p><strong>Gu\u00eda de proyectos especiales<\/strong><\/p>\n\n\n\n<p>La gu\u00eda est\u00e1 alojada en la siguiente ruta:&nbsp;<a href=\"https:\/\/www.sec.cl\/sitio-web\/wp-content\/uploads\/2021\/05\/final_Guia-Proyectos-Especiales-Hidrogeno.pdf\" target=\"_blank\" rel=\"noreferrer noopener\">https:\/\/www.sec.cl\/sitio-web\/wp-content\/uploads\/2021\/05\/final_Guia-Proyectos-Especiales-Hidrogeno.pdf<\/a>&nbsp;donde se incluye informaci\u00f3n sobre los plazos de las etapas del proceso de autorizaci\u00f3n, como, por ejemplo:<\/p>\n\n\n\n<p>\u00b7&nbsp;&nbsp;&nbsp;&nbsp;&nbsp;&nbsp;&nbsp;&nbsp;&nbsp;<strong>El de revisi\u00f3n de Admisibilidad,<\/strong>&nbsp;que corresponde al tiempo de la primera revisi\u00f3n de la solicitud de autorizaci\u00f3n una vez efectuada la presentaci\u00f3n del proyecto a la Superintendencia. Para esta etapa se ha definido un&nbsp;<strong>plazo 30 d\u00edas<\/strong>, en donde se revisar\u00e1 que la presentaci\u00f3n contenga todos los antecedentes necesarios para su tramitaci\u00f3n, y que \u00e9stos sean claros y suficientes para respaldar un dise\u00f1o y operaci\u00f3n segura.<\/p>\n\n\n\n<p>\u00b7&nbsp;&nbsp;&nbsp;&nbsp;&nbsp;&nbsp;&nbsp;&nbsp;&nbsp;<strong>El de Resoluci\u00f3n SEC&nbsp;<\/strong>que corresponde al tiempo de preparaci\u00f3n y despacho de la resoluci\u00f3n de autorizaci\u00f3n, y que es el tiempo transcurrido desde la \u00faltima gesti\u00f3n \u00fatil para el proyecto hasta el despacho de la resoluci\u00f3n. Para esta etapa se defini\u00f3 un plazo de 45 d\u00edas.<\/p>\n","protected":false},"excerpt":{"rendered":"<p>Para responder al inter\u00e9s que ha surgido en el pa\u00eds por emprender iniciativas de hidr\u00f3geno, la Superintendencia de Electricidad y Combustibles, SEC, junto al Ministerio de Energ\u00eda, publicaron esta ma\u00f1ana&#8230; <a class=\"read-more\" href=\"https:\/\/www.radiopresidenteibanez.cl\/web\/ministerio-de-energia-y-sec-publican-la-primera-guia-para-apoyar-solicitudes-de-proyectos-de-hidrogeno-verde\/\">Leer m\u00e1s<\/a><\/p>\n","protected":false},"author":2,"featured_media":20646,"comment_status":"closed","ping_status":"closed","sticky":false,"template":"","format":"standard","meta":{"footnotes":""},"categories":[1],"tags":[],"class_list":["post-20645","post","type-post","status-publish","format-standard","has-post-thumbnail","hentry","category-cronica"],"_links":{"self":[{"href":"https:\/\/www.radiopresidenteibanez.cl\/web\/wp-json\/wp\/v2\/posts\/20645","targetHints":{"allow":["GET"]}}],"collection":[{"href":"https:\/\/www.radiopresidenteibanez.cl\/web\/wp-json\/wp\/v2\/posts"}],"about":[{"href":"https:\/\/www.radiopresidenteibanez.cl\/web\/wp-json\/wp\/v2\/types\/post"}],"author":[{"embeddable":true,"href":"https:\/\/www.radiopresidenteibanez.cl\/web\/wp-json\/wp\/v2\/users\/2"}],"replies":[{"embeddable":true,"href":"https:\/\/www.radiopresidenteibanez.cl\/web\/wp-json\/wp\/v2\/comments?post=20645"}],"version-history":[{"count":0,"href":"https:\/\/www.radiopresidenteibanez.cl\/web\/wp-json\/wp\/v2\/posts\/20645\/revisions"}],"wp:featuredmedia":[{"embeddable":true,"href":"https:\/\/www.radiopresidenteibanez.cl\/web\/wp-json\/wp\/v2\/media\/20646"}],"wp:attachment":[{"href":"https:\/\/www.radiopresidenteibanez.cl\/web\/wp-json\/wp\/v2\/media?parent=20645"}],"wp:term":[{"taxonomy":"category","embeddable":true,"href":"https:\/\/www.radiopresidenteibanez.cl\/web\/wp-json\/wp\/v2\/categories?post=20645"},{"taxonomy":"post_tag","embeddable":true,"href":"https:\/\/www.radiopresidenteibanez.cl\/web\/wp-json\/wp\/v2\/tags?post=20645"}],"curies":[{"name":"wp","href":"https:\/\/api.w.org\/{rel}","templated":true}]}}