{"id":20639,"date":"2021-05-11T02:00:00","date_gmt":"2021-05-11T02:00:00","guid":{"rendered":"https:\/\/www.radiopresidenteibanez.cl\/web\/?p=20639"},"modified":"2021-05-10T22:43:41","modified_gmt":"2021-05-10T22:43:41","slug":"prodemu-llama-a-las-mujeres-a-vivir-la-maternidad-de-forma-empoderada-y-en-autonomia","status":"publish","type":"post","link":"https:\/\/www.radiopresidenteibanez.cl\/web\/prodemu-llama-a-las-mujeres-a-vivir-la-maternidad-de-forma-empoderada-y-en-autonomia\/","title":{"rendered":"PRODEMU LLAMA A LAS MUJERES A VIVIR LA  MATERNIDAD DE FORMA EMPODERADA Y EN AUTONOM\u00cdA"},"content":{"rendered":"\n<p>Actualmente,\nPRODEMU trabaja con m\u00e1s de 60 mil mujeres&nbsp;al a\u00f1o&nbsp;a lo largo de todo\nChile, apoy\u00e1ndolas para que alcancen autonom\u00eda f\u00edsica, econ\u00f3mica y en la toma\nde decisiones. Muchas de estas mujeres cumplen el rol de madre, respondiendo\nante estereotipos impuestos por nuestra sociedad&nbsp;y la cultura.&nbsp;<\/p>\n\n\n\n<p>Dentro\nde este contexto, PRODEMU saluda a todas aquellas mujeres madres en su d\u00eda y\nhace un llamado&nbsp;a evitar las presiones que las llevan\na&nbsp;responder&nbsp;a&nbsp;aquellas exigencias y construcciones sociales, y a\nvivir la maternidad como m\u00e1s les acomode, de forma empoderada y en autonom\u00eda.&nbsp;&nbsp;<\/p>\n\n\n\n<p>\u201cReconozco\ny agradezco a todas aquellas mujeres que han sacado adelante a sus familias,\npese a los obst\u00e1culos que se pueden presentar en el camino. De la misma\nmanera,&nbsp;en este d\u00eda de la madre&nbsp;me gustar\u00eda visibilizar&nbsp;la labor\nde aquellas madres no biol\u00f3gicas, que con generosidad&nbsp;y responsabilidad se\ndedican al cuidado de&nbsp;sus hijas e hijos, incluso de nietos y nietas\u201d,\ncoment\u00f3&nbsp;Paola Diez&nbsp;Berliner, directora nacional de PRODEMU.&nbsp;&nbsp;<\/p>\n\n\n\n<p>En tanto, la directora regional, Gabriela\nS\u00e1nchez Ca\u00f1ete, envi\u00f3 un afectuoso saludo a todas las mujeres de la regi\u00f3n,\nmujeres de Magallanes, \u00daltima Esperanza, Tierra del Fuego y Ant\u00e1rtica,\nse\u00f1alando que \u201ccon mucho orgullo llevan en su historia y en su coraz\u00f3n el\nprivilegio de ser madre. Ellas son el motor, el impulso, la fuerza para que sus\nhijos e hijas, sigan adelante y construyan su propia historia y proyecto de\nvida\u201d.<\/p>\n\n\n\n<p>PRODEMU busca potenciar el desarrollo de la\nmujer hacia una mayor autonom\u00eda y empoderamiento, contribuyendo a disminuir las\nbrechas de g\u00e9nero y a tener una mayor igualdad de oportunidades entre mujeres y\nhombres. En este contexto, la maternidad debe basarse en la corresponsabilidad\ny el respeto por el otro u otra, cuidando la individualidad de la mujer y\nrespetando sus derechos como tal.<strong><\/strong><\/p>\n","protected":false},"excerpt":{"rendered":"<p>Actualmente, PRODEMU trabaja con m\u00e1s de 60 mil mujeres&nbsp;al a\u00f1o&nbsp;a lo largo de todo Chile, apoy\u00e1ndolas para que alcancen autonom\u00eda f\u00edsica, econ\u00f3mica y en la toma de decisiones. Muchas de&#8230; <a class=\"read-more\" href=\"https:\/\/www.radiopresidenteibanez.cl\/web\/prodemu-llama-a-las-mujeres-a-vivir-la-maternidad-de-forma-empoderada-y-en-autonomia\/\">Leer m\u00e1s<\/a><\/p>\n","protected":false},"author":2,"featured_media":20640,"comment_status":"closed","ping_status":"closed","sticky":false,"template":"","format":"standard","meta":{"footnotes":""},"categories":[1],"tags":[],"class_list":["post-20639","post","type-post","status-publish","format-standard","has-post-thumbnail","hentry","category-cronica"],"_links":{"self":[{"href":"https:\/\/www.radiopresidenteibanez.cl\/web\/wp-json\/wp\/v2\/posts\/20639","targetHints":{"allow":["GET"]}}],"collection":[{"href":"https:\/\/www.radiopresidenteibanez.cl\/web\/wp-json\/wp\/v2\/posts"}],"about":[{"href":"https:\/\/www.radiopresidenteibanez.cl\/web\/wp-json\/wp\/v2\/types\/post"}],"author":[{"embeddable":true,"href":"https:\/\/www.radiopresidenteibanez.cl\/web\/wp-json\/wp\/v2\/users\/2"}],"replies":[{"embeddable":true,"href":"https:\/\/www.radiopresidenteibanez.cl\/web\/wp-json\/wp\/v2\/comments?post=20639"}],"version-history":[{"count":0,"href":"https:\/\/www.radiopresidenteibanez.cl\/web\/wp-json\/wp\/v2\/posts\/20639\/revisions"}],"wp:featuredmedia":[{"embeddable":true,"href":"https:\/\/www.radiopresidenteibanez.cl\/web\/wp-json\/wp\/v2\/media\/20640"}],"wp:attachment":[{"href":"https:\/\/www.radiopresidenteibanez.cl\/web\/wp-json\/wp\/v2\/media?parent=20639"}],"wp:term":[{"taxonomy":"category","embeddable":true,"href":"https:\/\/www.radiopresidenteibanez.cl\/web\/wp-json\/wp\/v2\/categories?post=20639"},{"taxonomy":"post_tag","embeddable":true,"href":"https:\/\/www.radiopresidenteibanez.cl\/web\/wp-json\/wp\/v2\/tags?post=20639"}],"curies":[{"name":"wp","href":"https:\/\/api.w.org\/{rel}","templated":true}]}}