{"id":20635,"date":"2021-05-10T18:33:33","date_gmt":"2021-05-10T18:33:33","guid":{"rendered":"https:\/\/www.radiopresidenteibanez.cl\/web\/?p=20635"},"modified":"2021-05-10T18:33:39","modified_gmt":"2021-05-10T18:33:39","slug":"mayo-con-la-esperanza-en-la-mano-por-ernesto-sepulveda-tornero","status":"publish","type":"post","link":"https:\/\/www.radiopresidenteibanez.cl\/web\/mayo-con-la-esperanza-en-la-mano-por-ernesto-sepulveda-tornero\/","title":{"rendered":"\u00abMAYO, CON LA ESPERANZA EN LA MANO\u00bb por Ernesto Sep\u00falveda Tornero"},"content":{"rendered":"\n<p>El s\u00e1bado 15 y domingo 16 de mayo, en unos d\u00edas m\u00e1s, se va a efectuar finalmente, la postergada votaci\u00f3n. De tan importante y tan hist\u00f3rica que es, como que postergarla en su momento fu casi un alivio para el mundo pol\u00edtico. Mal que mal, el estatus quo que conocemos desde el a\u00f1o 1990, podr\u00eda cambiar sustancialmente. O, por el contrario, cambiar poco y nada. As\u00ed m\u00e1s o menos, est\u00e1n las percepciones, amigos y amigas. Vamos a elegir por primera vez, una convenci\u00f3n constituyente, que se encargar\u00e1 de redactar una nueva constituci\u00f3n pol\u00edtica. Se traducir\u00e1 en palabras, los contenidos esenciales de un nuevo pacto social, que debiera guiarnos por los pr\u00f3ximos 50 a\u00f1os. <\/p>\n\n\n\n<p>Es algo de verdad muy trascendente. Pero pareciera que las preocupaciones, la angustia, por la pandemia, y su secuela de sufrimiento y dolor, no deja espacio para preocuparse por nada m\u00e1s. El problema de la subsistencia vuelve a ser la preocupaci\u00f3n n\u00famero uno. La creaci\u00f3n de nuevos empleos, aun no cubre los empleos perdidos en el \u00faltimo a\u00f1o. Y parece que inmersos en una tercera ola, se podr\u00edan sumar nuevos desempleados. <\/p>\n\n\n\n<p>No por nada, se aprob\u00f3, y ya es ley en ejecuci\u00f3n, un nuevo retiro de ahorros previsionales. Alg\u00fan parlamentario, dijo que estos retiros, eran \u201cUna verdadera droga\u201d, que la gente si tiene la posibilidad, los seguir\u00e1 consumiendo, hasta que ya no queden. La discusi\u00f3n de una renta b\u00e1sica universal, de emergencia, se ha instalado con fuerza, gracias a la instancia \u201cM\u00ednimos comunes\u201d, que lidera en el parlamento la senadora Provoste.<\/p>\n\n\n\n<p>En resumen, amigos y amigas, vamos hacia la elecci\u00f3n de constituyentes, de gobernadores regionales, de alcaldes y concejales, probablemente sin la suficiente informaci\u00f3n. Un rol principal han jugado las r\u00edgidas normas que regulan las campa\u00f1as electorales, no permiten a las opciones nuevas, las desconocidas, salir del anonimato. Ser\u00e1 una verdadera prueba para estas normas de campa\u00f1a, si efectivamente se logra incorporar nuevos rostros. Aqu\u00ed corren con ventaja los que ya son conocidos, los que hicieron un recorrido social, profesional, o pol\u00edtico, que les dio visibilidad. <\/p>\n\n\n\n<p>En materia de gobernadores regionales, es vital elegir a los m\u00e1s preparados, es una tarea de liderazgo y de gesti\u00f3n, no es para improvisar. Al menos en esa elecci\u00f3n, en Magallanes zona extrema, la opci\u00f3n es muy clara y evidente. Y lo mas probable es que el domingo 16, resulte electo con una mayor\u00eda abrumadora. \u00a0Y es fundamental que as\u00ed sea, ya que hay que retomar un camino, donde la gesti\u00f3n van de la mano de la participaci\u00f3n. Donde la inversi\u00f3n p\u00fablica se destina a proyectos que generen bienestar y desarrollo. En Magallanes, tenemos la oportunidad de retomar el rumbo, y para nuestra gente, es un signo de esperanza, una se\u00f1al de optimismo. Que hemos llegado hasta aqu\u00ed, pese a las dificultades, a las penas y desenga\u00f1os, y seguiremos adelante por la Regi\u00f3n que queremos. Ernesto Sep\u00falveda Tornero <\/p>\n","protected":false},"excerpt":{"rendered":"<p>El s\u00e1bado 15 y domingo 16 de mayo, en unos d\u00edas m\u00e1s, se va a efectuar finalmente, la postergada votaci\u00f3n. De tan importante y tan hist\u00f3rica que es, como que&#8230; <a class=\"read-more\" href=\"https:\/\/www.radiopresidenteibanez.cl\/web\/mayo-con-la-esperanza-en-la-mano-por-ernesto-sepulveda-tornero\/\">Leer m\u00e1s<\/a><\/p>\n","protected":false},"author":2,"featured_media":2310,"comment_status":"closed","ping_status":"closed","sticky":false,"template":"","format":"standard","meta":{"footnotes":""},"categories":[1],"tags":[],"class_list":["post-20635","post","type-post","status-publish","format-standard","has-post-thumbnail","hentry","category-cronica"],"_links":{"self":[{"href":"https:\/\/www.radiopresidenteibanez.cl\/web\/wp-json\/wp\/v2\/posts\/20635","targetHints":{"allow":["GET"]}}],"collection":[{"href":"https:\/\/www.radiopresidenteibanez.cl\/web\/wp-json\/wp\/v2\/posts"}],"about":[{"href":"https:\/\/www.radiopresidenteibanez.cl\/web\/wp-json\/wp\/v2\/types\/post"}],"author":[{"embeddable":true,"href":"https:\/\/www.radiopresidenteibanez.cl\/web\/wp-json\/wp\/v2\/users\/2"}],"replies":[{"embeddable":true,"href":"https:\/\/www.radiopresidenteibanez.cl\/web\/wp-json\/wp\/v2\/comments?post=20635"}],"version-history":[{"count":0,"href":"https:\/\/www.radiopresidenteibanez.cl\/web\/wp-json\/wp\/v2\/posts\/20635\/revisions"}],"wp:featuredmedia":[{"embeddable":true,"href":"https:\/\/www.radiopresidenteibanez.cl\/web\/wp-json\/wp\/v2\/media\/2310"}],"wp:attachment":[{"href":"https:\/\/www.radiopresidenteibanez.cl\/web\/wp-json\/wp\/v2\/media?parent=20635"}],"wp:term":[{"taxonomy":"category","embeddable":true,"href":"https:\/\/www.radiopresidenteibanez.cl\/web\/wp-json\/wp\/v2\/categories?post=20635"},{"taxonomy":"post_tag","embeddable":true,"href":"https:\/\/www.radiopresidenteibanez.cl\/web\/wp-json\/wp\/v2\/tags?post=20635"}],"curies":[{"name":"wp","href":"https:\/\/api.w.org\/{rel}","templated":true}]}}