{"id":20632,"date":"2021-05-10T03:45:00","date_gmt":"2021-05-10T03:45:00","guid":{"rendered":"https:\/\/www.radiopresidenteibanez.cl\/web\/?p=20632"},"modified":"2021-05-09T17:35:45","modified_gmt":"2021-05-09T17:35:45","slug":"concejala-veronica-aguilar-envia-carta-abierta-a-intendenta-de-magallanes","status":"publish","type":"post","link":"https:\/\/www.radiopresidenteibanez.cl\/web\/concejala-veronica-aguilar-envia-carta-abierta-a-intendenta-de-magallanes\/","title":{"rendered":"CONCEJALA VER\u00d3NICA AGUILAR ENV\u00cdA CARTA ABIERTA A INTENDENTA DE MAGALLANES"},"content":{"rendered":"\n<p>Estimada Intendenta<\/p>\n\n\n\n<p>La ultima cena del rubro gastron\u00f3mico, hotelero\ny todo el sector econ\u00f3mico, ha dejado de manifest\u00f3 que las estrategias\ngubernamentales no han estado a la altura.<\/p>\n\n\n\n<p>La pandemia se instalo hace mas de un a\u00f1o en\nnuestra regi\u00f3n, todos estos rubros, incluyendo a las peluquer\u00edas, uber y otros,\nfueron lo suficientemente solidarios, respetuosos, y colaboradores para\nenfrentar los primeros meses de un cierre que afecta grandemente la econ\u00f3mica\nlocal, lamentablemente eso no ha tenido la misma respuesta por parte de las autoridades\nde gobierno, quienes en un a\u00f1o han sido incapaces de tomar medidas al respecto,\nimprovisando y generando dudas, miedo, desconfianza y quiebras, y deudas, as\u00ed\nrespondi\u00f3 este gobierno a la solidaridad y empat\u00eda de cientos de pymes magall\u00e1nicas.<\/p>\n\n\n\n<p>Un a\u00f1o de improvisaci\u00f3n, de un gobierno\nprestamista, dando cr\u00e9ditos que solo han generado mas y m\u00e1s deudas, porque son\nimposibles de pagar, generando desempleo y una profunda crisis econ\u00f3mica.&nbsp; Un a\u00f1o dando cifras, porque as\u00ed nos ven, como\nsimples n\u00fameros.<\/p>\n\n\n\n<p>El aumento de casos en Magallanes no tiene que\nver solo con la irresponsabilidad de unos pocos, sino tambi\u00e9n con las faltas de\nfiscalizaciones a pesqueras, salmoneras y grandes empresas, el permiso de\nvacaciones, entre otros, todas medidas instaladas por el gobierno, no\nescuchando a los profesionales de salud, haciendo o\u00eddos sordos a la sociedad\ncivil que grita hace mas de 1 a\u00f1o, que es necesario trabajar en equipo para\nevitar un mayor desastre.<\/p>\n\n\n\n<p>Mas de 300 magall\u00e1nicos han muerto por esta\npandemia, y as\u00ed y todo, hoy tenemos vecinos y vecinas, que le han perdido el\nmiedo al Covid, y no por tozudez, porque temen m\u00e1s morir de hambre, porque no\nhan recibido ning\u00fan apoyo, NIUNO!.<\/p>\n\n\n\n<p>No hay congelamiento de precios, permitiendo\nque los materiales de construcci\u00f3n, el combustible, o bienes esenciales como la\nleche y el pan tengan un alza sostenida en el tiempo, los bonos son con letra\nchica, muchos no califican para absolutamente nada.<\/p>\n\n\n\n<p>Ad portas de una nueva cuarentena, no hubo una\nmesa social, sanitaria y econ\u00f3mica que nos permita llegar a un acuerdo amplio,\npara enfrentar esta nueva crisis, no hay plan de invierno que se conozca,\nproyecto de entrega de le\u00f1a y agua est\u00e1n detenidos, el Municipio no ha mostrado\nel plan y el gobierno menos.<\/p>\n\n\n\n<p>Los gastron\u00f3micos piden ayuda, son ellos el\nrubro tur\u00edstico los que han levantado esta regi\u00f3n, a los peluqueros NO SE LES\nHA ESCUCHADO, se permite ir a un supermercado a al retail, con aglomeraciones\nde gente, pero no se le permite a un peluquero abrir con medidas estrictas, con\naforos reducidos, y se les esta dejando en una agon\u00eda lenta y dolorosa.<\/p>\n\n\n\n<p>Escribo esta carta como ciudadana y como\nconcejala de la comuna de Punta Arenas, y le pido a la Intendenta Rojas y a su\ngabinete, que por favor tomen medidas regionales, no ser meros parlantes de lo\nque se dice en la Moneda, yo, al igual que muchos nos ponemos a disposici\u00f3n\npara trabajar en equipo, en unidad podemos buscar medidas que eviten que nuestra\nregi\u00f3n se muera lentamente, sino lo hacen ser\u00e1n responsables y c\u00f3mplices de un\ndesastre patag\u00f3nico.<\/p>\n\n\n\n<p>Atentamente, <\/p>\n\n\n\n<p>Ver\u00f3nica Aguilar Mart\u00ednez<\/p>\n\n\n\n<p>Concejala de Punta Arenas.<\/p>\n","protected":false},"excerpt":{"rendered":"<p>Estimada Intendenta La ultima cena del rubro gastron\u00f3mico, hotelero y todo el sector econ\u00f3mico, ha dejado de manifest\u00f3 que las estrategias gubernamentales no han estado a la altura. La pandemia&#8230; <a class=\"read-more\" href=\"https:\/\/www.radiopresidenteibanez.cl\/web\/concejala-veronica-aguilar-envia-carta-abierta-a-intendenta-de-magallanes\/\">Leer m\u00e1s<\/a><\/p>\n","protected":false},"author":2,"featured_media":5743,"comment_status":"closed","ping_status":"closed","sticky":false,"template":"","format":"standard","meta":{"footnotes":""},"categories":[1],"tags":[],"class_list":["post-20632","post","type-post","status-publish","format-standard","has-post-thumbnail","hentry","category-cronica"],"_links":{"self":[{"href":"https:\/\/www.radiopresidenteibanez.cl\/web\/wp-json\/wp\/v2\/posts\/20632","targetHints":{"allow":["GET"]}}],"collection":[{"href":"https:\/\/www.radiopresidenteibanez.cl\/web\/wp-json\/wp\/v2\/posts"}],"about":[{"href":"https:\/\/www.radiopresidenteibanez.cl\/web\/wp-json\/wp\/v2\/types\/post"}],"author":[{"embeddable":true,"href":"https:\/\/www.radiopresidenteibanez.cl\/web\/wp-json\/wp\/v2\/users\/2"}],"replies":[{"embeddable":true,"href":"https:\/\/www.radiopresidenteibanez.cl\/web\/wp-json\/wp\/v2\/comments?post=20632"}],"version-history":[{"count":0,"href":"https:\/\/www.radiopresidenteibanez.cl\/web\/wp-json\/wp\/v2\/posts\/20632\/revisions"}],"wp:featuredmedia":[{"embeddable":true,"href":"https:\/\/www.radiopresidenteibanez.cl\/web\/wp-json\/wp\/v2\/media\/5743"}],"wp:attachment":[{"href":"https:\/\/www.radiopresidenteibanez.cl\/web\/wp-json\/wp\/v2\/media?parent=20632"}],"wp:term":[{"taxonomy":"category","embeddable":true,"href":"https:\/\/www.radiopresidenteibanez.cl\/web\/wp-json\/wp\/v2\/categories?post=20632"},{"taxonomy":"post_tag","embeddable":true,"href":"https:\/\/www.radiopresidenteibanez.cl\/web\/wp-json\/wp\/v2\/tags?post=20632"}],"curies":[{"name":"wp","href":"https:\/\/api.w.org\/{rel}","templated":true}]}}