{"id":20629,"date":"2021-05-09T17:32:07","date_gmt":"2021-05-09T17:32:07","guid":{"rendered":"https:\/\/www.radiopresidenteibanez.cl\/web\/?p=20629"},"modified":"2021-05-09T17:32:12","modified_gmt":"2021-05-09T17:32:12","slug":"investigadora-claudia-godoy-expondra-este-lunes-sobre-pinguinos-en-isla-magdalena","status":"publish","type":"post","link":"https:\/\/www.radiopresidenteibanez.cl\/web\/investigadora-claudia-godoy-expondra-este-lunes-sobre-pinguinos-en-isla-magdalena\/","title":{"rendered":"INVESTIGADORA CLAUDIA GODOY EXPONDR\u00c1 ESTE LUNES SOBRE PING\u00dcINOS EN ISLA MAGDALENA"},"content":{"rendered":"\n<p>Este lunes 10 de mayo y por plataforma virtual, la investigadora y experta en el conocimiento de la fauna de aves en Magallanes, Claudia Godoy, realizar\u00e1 una charla sobre los ping\u00fcinos en &nbsp;Isla Magdalena.<\/p>\n\n\n\n<p>\u201cDe huevos a ping\u00fcinos de Magallanes en Isla Magdalena\u201d se denomina la charla que la investigadora&nbsp; realizar\u00e1 este lunes y que inaugurar\u00e1 un ciclo de charlas en el marco de la semana aniversario por los 51 a\u00f1os de la Corporaci\u00f3n Nacional Forestal (CONAF).<\/p>\n\n\n\n<p>Claudia Godoy, de profesi\u00f3n m\u00e9dico veterinaria, es una de las investigadoras m\u00e1s reconocidas a nivel regional y nacional en el estudio y conocimiento de los ping\u00fcinos de Magallanes, adem\u00e1s de ser miembro de la Global Penguin Society. En los \u00faltimos meses, se desempe\u00f1\u00f3 en CONAF apoyando las labores del programa de conservaci\u00f3n en el Monumento Natural Los Ping\u00fcinos.<\/p>\n\n\n\n<p>La charla ser\u00e1 la primera de tres sobre distintos temas que dan cuenta de la labor de CONAF en la regi\u00f3n. El d\u00eda martes 11 ser\u00e1 el turno de Eric Ponce, Jefe de la secci\u00f3n Bosques Urbanos de CONAF con la charla \u201cUna mirada al Bosque Urbano de Magallanes\u201d; mientras que el d\u00eda mi\u00e9rcoles 12 se expondr\u00e1 la charla \u201cTurismo, Cambio Clim\u00e1tico e Incendios forestales, una mirada local a un problema global\u201d a cargo de Ren\u00e9 Cifuentes, Jefe del Departamento de Protecci\u00f3n Contra Incendios Forestales (DEPRIF) de la instituci\u00f3n.<\/p>\n\n\n\n<p>Las personas interesadas en asistir a laS charlaS, la cual se realizar\u00e1 por plataforma zoom, deben escribir al correo&nbsp;<a href=\"mailto:guillermo.munoz@conaf.cl\">guillermo.munoz@conaf.cl<\/a>&nbsp;para recibir el link y c\u00f3digo correspondiente.<\/p>\n","protected":false},"excerpt":{"rendered":"<p>Este lunes 10 de mayo y por plataforma virtual, la investigadora y experta en el conocimiento de la fauna de aves en Magallanes, Claudia Godoy, realizar\u00e1 una charla sobre los&#8230; <a class=\"read-more\" href=\"https:\/\/www.radiopresidenteibanez.cl\/web\/investigadora-claudia-godoy-expondra-este-lunes-sobre-pinguinos-en-isla-magdalena\/\">Leer m\u00e1s<\/a><\/p>\n","protected":false},"author":2,"featured_media":20630,"comment_status":"closed","ping_status":"closed","sticky":false,"template":"","format":"standard","meta":{"footnotes":""},"categories":[1],"tags":[],"class_list":["post-20629","post","type-post","status-publish","format-standard","has-post-thumbnail","hentry","category-cronica"],"_links":{"self":[{"href":"https:\/\/www.radiopresidenteibanez.cl\/web\/wp-json\/wp\/v2\/posts\/20629","targetHints":{"allow":["GET"]}}],"collection":[{"href":"https:\/\/www.radiopresidenteibanez.cl\/web\/wp-json\/wp\/v2\/posts"}],"about":[{"href":"https:\/\/www.radiopresidenteibanez.cl\/web\/wp-json\/wp\/v2\/types\/post"}],"author":[{"embeddable":true,"href":"https:\/\/www.radiopresidenteibanez.cl\/web\/wp-json\/wp\/v2\/users\/2"}],"replies":[{"embeddable":true,"href":"https:\/\/www.radiopresidenteibanez.cl\/web\/wp-json\/wp\/v2\/comments?post=20629"}],"version-history":[{"count":0,"href":"https:\/\/www.radiopresidenteibanez.cl\/web\/wp-json\/wp\/v2\/posts\/20629\/revisions"}],"wp:featuredmedia":[{"embeddable":true,"href":"https:\/\/www.radiopresidenteibanez.cl\/web\/wp-json\/wp\/v2\/media\/20630"}],"wp:attachment":[{"href":"https:\/\/www.radiopresidenteibanez.cl\/web\/wp-json\/wp\/v2\/media?parent=20629"}],"wp:term":[{"taxonomy":"category","embeddable":true,"href":"https:\/\/www.radiopresidenteibanez.cl\/web\/wp-json\/wp\/v2\/categories?post=20629"},{"taxonomy":"post_tag","embeddable":true,"href":"https:\/\/www.radiopresidenteibanez.cl\/web\/wp-json\/wp\/v2\/tags?post=20629"}],"curies":[{"name":"wp","href":"https:\/\/api.w.org\/{rel}","templated":true}]}}