{"id":20623,"date":"2021-05-10T03:30:00","date_gmt":"2021-05-10T03:30:00","guid":{"rendered":"https:\/\/www.radiopresidenteibanez.cl\/web\/?p=20623"},"modified":"2021-05-09T17:22:05","modified_gmt":"2021-05-09T17:22:05","slug":"aduanas-y-cordon-sanitario-en-magallanes-en-todos-los-rincones-desplegados-para-contener-la-propagacion-viral","status":"publish","type":"post","link":"https:\/\/www.radiopresidenteibanez.cl\/web\/aduanas-y-cordon-sanitario-en-magallanes-en-todos-los-rincones-desplegados-para-contener-la-propagacion-viral\/","title":{"rendered":"ADUANAS Y CORD\u00d3N SANITARIO EN MAGALLANES: EN TODOS LOS RINCONES DESPLEGADOS PARA CONTENER  LA  PROPAGACI\u00d3N VIRAL"},"content":{"rendered":"\n<p>Un\nintenso trabajo de fiscalizaci\u00f3n y control sanitario se encuentran\ndesarrollando funcionarios de la SEREMI de Salud, con el importante apoyo de\nlas Fuerzas Armadas y de Orden, en las aduanas sanitarias y el cord\u00f3n sanitario\nde Cabo de Hornos,&nbsp; que desde el inicio\nde la pandemia se han instalado en Magallanes. <\/p>\n\n\n\n<p>Una\naduana sanitaria es un recinto de parada obligatoria de control por la que\ndeben pasar todos quienes deseen ingresar o salir de las regiones de Chile.\nEsto permite evitar que personas contagiadas lleguen a esos lugares y se\npropague la enfermedad. Los m\u00f3dulos son habilitados por las Seremis de Salud y\ncuentan con resguardo y apoyo de las Fuerzas Armadas, en el marco de las\natribuciones que permite el Estado de Excepci\u00f3n Constitucional de Cat\u00e1strofe.<\/p>\n\n\n\n<p>En\nel marco de reforzamiento de estos puntos, lleg\u00f3 a la regi\u00f3n un equipo de\nreferentes nacionales del Ministerio de Salud quienes realizaron un trabajo en\nterreno en las distintas aduanas sanitarias y pasos fronterizos. <\/p>\n\n\n\n<p>Al\nrespecto y posterior a su visita, Andr\u00e9s Wong, encargado nacional de Aduana\nSanitaria del Ministerio de Salud dijo&nbsp;\nque el motivo de la visita fue \u201chacer un levantamiento de procesos y\nmejoras de trabajo. Fuimos a revisar puntos fronterizos de Magallanes y las\naduanas sanitarias regionales, siendo una visita muy buena porque los procesos\nest\u00e1n bien controlados y el recurso humano est\u00e1 bien distribuido y existe un\nmanejo de la normativa. Las mejoras van relacionadas a la comunicaci\u00f3n a nivel\ncentral que guardan relaci\u00f3n con las bajadas t\u00e9cnicas de las normas, porque\nsalen semanalmente y hay que tener un poder de reacci\u00f3n\u201d. <\/p>\n\n\n\n<p>Las&nbsp; barreras sanitarias son fundamentales a la\nhora de contener la diseminaci\u00f3n viral ya que&nbsp;\nobliga la detenci\u00f3n de las personas antes del ingreso a una regi\u00f3n,\ndonde deben presentar un pasaporte sanitario y someterse a un control de\ntemperatura. Esto no afecta la entrada y salida de carga ni de los\ntransportistas, para continuar garantizando el abastecimiento del pa\u00eds. A nivel\nregional son 46 los funcionarios de la SEREMI de Salud que realizan funciones\nen las 17 barreras instaladas en la regi\u00f3n. <\/p>\n\n\n\n<p>En\nMagallanes estas corresponden a barreras terrestres, mar\u00edtimas y a\u00e9reas, entre\nlas que figuran: Paso Fronterizo Monte Aymond, Paso Fronterizo San Sebasti\u00e1n,\nPaso Casas Viejas,&nbsp; Terminal\nMar\u00edtimo&nbsp; de Puerto Natales y Aer\u00f3dromo y\nRodoviario de Puerto Natales.&nbsp; Muelle\nFiscal,&nbsp; Terminal Tres Puentes y\nAeropuerto nacional e internacional de Punta Arenas. En la capital regional\ntambi\u00e9n se controla en Kon Aiken, Buses interprovinciales<\/p>\n\n\n\n<p>&nbsp;Adem\u00e1s, se encuentra en funcionamiento el\nCord\u00f3n Sanitario de Puerto Williams y tambi\u00e9n el terminal mar\u00edtimo de esa\nlocalidad. Asimismo, se realiza control sanitario en los puntos de conectividad\nen el Estrecho de Magallanes como es el Cruce de Primera Angostura, y Bah\u00eda\nChilota en Porvenir, al igual que el aer\u00f3dromo de esa localidad.<\/p>\n\n\n\n<p>Desde\nsu implementaci\u00f3n hasta el 1 de mayo de 2021, se han controlado 1.322.680\npersonas, 272.176 autom\u00f3viles,&nbsp;&nbsp;\n24.408&nbsp; buses, 232.557 camiones,\n3.725 barcos y embarcaciones, y 3.707 vuelos.<\/p>\n","protected":false},"excerpt":{"rendered":"<p>Un intenso trabajo de fiscalizaci\u00f3n y control sanitario se encuentran desarrollando funcionarios de la SEREMI de Salud, con el importante apoyo de las Fuerzas Armadas y de Orden, en las&#8230; <a class=\"read-more\" href=\"https:\/\/www.radiopresidenteibanez.cl\/web\/aduanas-y-cordon-sanitario-en-magallanes-en-todos-los-rincones-desplegados-para-contener-la-propagacion-viral\/\">Leer m\u00e1s<\/a><\/p>\n","protected":false},"author":2,"featured_media":20624,"comment_status":"closed","ping_status":"closed","sticky":false,"template":"","format":"standard","meta":{"footnotes":""},"categories":[1],"tags":[],"class_list":["post-20623","post","type-post","status-publish","format-standard","has-post-thumbnail","hentry","category-cronica"],"_links":{"self":[{"href":"https:\/\/www.radiopresidenteibanez.cl\/web\/wp-json\/wp\/v2\/posts\/20623","targetHints":{"allow":["GET"]}}],"collection":[{"href":"https:\/\/www.radiopresidenteibanez.cl\/web\/wp-json\/wp\/v2\/posts"}],"about":[{"href":"https:\/\/www.radiopresidenteibanez.cl\/web\/wp-json\/wp\/v2\/types\/post"}],"author":[{"embeddable":true,"href":"https:\/\/www.radiopresidenteibanez.cl\/web\/wp-json\/wp\/v2\/users\/2"}],"replies":[{"embeddable":true,"href":"https:\/\/www.radiopresidenteibanez.cl\/web\/wp-json\/wp\/v2\/comments?post=20623"}],"version-history":[{"count":0,"href":"https:\/\/www.radiopresidenteibanez.cl\/web\/wp-json\/wp\/v2\/posts\/20623\/revisions"}],"wp:featuredmedia":[{"embeddable":true,"href":"https:\/\/www.radiopresidenteibanez.cl\/web\/wp-json\/wp\/v2\/media\/20624"}],"wp:attachment":[{"href":"https:\/\/www.radiopresidenteibanez.cl\/web\/wp-json\/wp\/v2\/media?parent=20623"}],"wp:term":[{"taxonomy":"category","embeddable":true,"href":"https:\/\/www.radiopresidenteibanez.cl\/web\/wp-json\/wp\/v2\/categories?post=20623"},{"taxonomy":"post_tag","embeddable":true,"href":"https:\/\/www.radiopresidenteibanez.cl\/web\/wp-json\/wp\/v2\/tags?post=20623"}],"curies":[{"name":"wp","href":"https:\/\/api.w.org\/{rel}","templated":true}]}}