{"id":20620,"date":"2021-05-09T17:19:00","date_gmt":"2021-05-09T17:19:00","guid":{"rendered":"https:\/\/www.radiopresidenteibanez.cl\/web\/?p=20620"},"modified":"2021-05-09T17:19:06","modified_gmt":"2021-05-09T17:19:06","slug":"carne-verde-gremio-del-turismo-de-torres-del-paine-pide-apoyo-para-reactivar-el-sector-en-magallanes","status":"publish","type":"post","link":"https:\/\/www.radiopresidenteibanez.cl\/web\/carne-verde-gremio-del-turismo-de-torres-del-paine-pide-apoyo-para-reactivar-el-sector-en-magallanes\/","title":{"rendered":"\u201cCARN\u00c9 VERDE\u201d: GREMIO DEL TURISMO DE TORRES DEL PAINE PIDE APOYO PARA REACTIVAR EL SECTOR EN MAGALLANES"},"content":{"rendered":"\n<p>Con el\ninicio de esta nueva cuarentena, nuevamente los hoteles y restaurantes de la\nRegi\u00f3n han cerrado sus puertas.<\/p>\n\n\n\n<p>Esto\nalerta al rubro del turismo en Magallanes, que ha sido uno de los m\u00e1s golpeados\nen la Regi\u00f3n y que ven como nuevamente aumentar\u00e1 la quiebra de empresas\nhoteleras y gastron\u00f3micas, y crecer\u00e1 la tasa de desempleo.<\/p>\n\n\n\n<p>Es as\u00ed\ncomo la Asociaci\u00f3n de Hoteles y Servicios Tur\u00edsticos de Torres del Paine, HYST,\nve una salida en el \u201cCarn\u00e9 Verde\u201d, proyecto que ayer se vot\u00f3 en la C\u00e1mara de\nDiputados, que cont\u00f3 con 103 votos a favor.<\/p>\n\n\n\n<p>La\niniciativa en ning\u00fan caso obliga a las personas a vacunarse, pero propone dar\nmayor libertad de movilidad a las personas que optaron por inocularse, y que ya\nrecibieron las dos dosis.<\/p>\n\n\n\n<p>Un\nproyecto que va de la mano con los datos entregados por el Ministerio de Salud,\nque ha observado en el \u00faltimo mes una disminuci\u00f3n en los contagios, ingreso a\nUnidades de Cuidados Intensivos y fallecimientos en adultos mayores, que ya\nest\u00e1n vacunados con la primera y segunda dosis.<br>\n<br>\nRodrigo Bustamante, presidente de HYST, coment\u00f3:\n\u201cEsta iniciativa tendr\u00eda un impacto positivo y transversal para la industria.\nNecesitamos de este tipo de pol\u00edticas para volver a reactivarnos, ya que no es\nviable para la Regi\u00f3n pasar otro a\u00f1o sin turistas\u201d.<\/p>\n\n\n\n<p>El vocero de la asociaci\u00f3n gremial resalt\u00f3: \u201cLo que estamos pidiendo no es que se eliminen todas las restricciones. Las medidas de autocuidado y los protocolos sanitarios nos acompa\u00f1ar\u00e1n por mucho tiempo, y c\u00f3mo rubro estamos dispuestos a seguirlos, mantenerlos, incluso mejorarlos. Esta iniciativa permite dar mayor libertad de movilidad a quienes responsablemente se han vacunado\u201d.<\/p>\n\n\n\n<p><br>\nAsimismo, la asociaci\u00f3n manifest\u00f3 su\npreocupaci\u00f3n y sorpresa, en vista que parlamentarios votaron en contra de este\nproyecto, cuya aprobaci\u00f3n traer\u00eda un respiro al sector, que durante la\ntemporada 2019-2020 aport\u00f3 con el 10% del Producto Interno Bruto.<\/p>\n\n\n\n<p>Por ello, a trav\u00e9s de este comunicado, el gremio realiza formalmente un llamado y solicita a los parlamentarios, y a las autoridades regionales respaldar este \u201cCarn\u00e9 Verde\u201d, que de materializarse permitir\u00eda retomar la actividad tur\u00edstica, e impulsar esta industria tan relevante y significativa para la econom\u00eda regional y nacional.<\/p>\n","protected":false},"excerpt":{"rendered":"<p>Con el inicio de esta nueva cuarentena, nuevamente los hoteles y restaurantes de la Regi\u00f3n han cerrado sus puertas. Esto alerta al rubro del turismo en Magallanes, que ha sido&#8230; <a class=\"read-more\" href=\"https:\/\/www.radiopresidenteibanez.cl\/web\/carne-verde-gremio-del-turismo-de-torres-del-paine-pide-apoyo-para-reactivar-el-sector-en-magallanes\/\">Leer m\u00e1s<\/a><\/p>\n","protected":false},"author":2,"featured_media":20621,"comment_status":"closed","ping_status":"closed","sticky":false,"template":"","format":"standard","meta":{"footnotes":""},"categories":[1],"tags":[],"class_list":["post-20620","post","type-post","status-publish","format-standard","has-post-thumbnail","hentry","category-cronica"],"_links":{"self":[{"href":"https:\/\/www.radiopresidenteibanez.cl\/web\/wp-json\/wp\/v2\/posts\/20620","targetHints":{"allow":["GET"]}}],"collection":[{"href":"https:\/\/www.radiopresidenteibanez.cl\/web\/wp-json\/wp\/v2\/posts"}],"about":[{"href":"https:\/\/www.radiopresidenteibanez.cl\/web\/wp-json\/wp\/v2\/types\/post"}],"author":[{"embeddable":true,"href":"https:\/\/www.radiopresidenteibanez.cl\/web\/wp-json\/wp\/v2\/users\/2"}],"replies":[{"embeddable":true,"href":"https:\/\/www.radiopresidenteibanez.cl\/web\/wp-json\/wp\/v2\/comments?post=20620"}],"version-history":[{"count":0,"href":"https:\/\/www.radiopresidenteibanez.cl\/web\/wp-json\/wp\/v2\/posts\/20620\/revisions"}],"wp:featuredmedia":[{"embeddable":true,"href":"https:\/\/www.radiopresidenteibanez.cl\/web\/wp-json\/wp\/v2\/media\/20621"}],"wp:attachment":[{"href":"https:\/\/www.radiopresidenteibanez.cl\/web\/wp-json\/wp\/v2\/media?parent=20620"}],"wp:term":[{"taxonomy":"category","embeddable":true,"href":"https:\/\/www.radiopresidenteibanez.cl\/web\/wp-json\/wp\/v2\/categories?post=20620"},{"taxonomy":"post_tag","embeddable":true,"href":"https:\/\/www.radiopresidenteibanez.cl\/web\/wp-json\/wp\/v2\/tags?post=20620"}],"curies":[{"name":"wp","href":"https:\/\/api.w.org\/{rel}","templated":true}]}}