{"id":20617,"date":"2021-05-09T17:16:31","date_gmt":"2021-05-09T17:16:31","guid":{"rendered":"https:\/\/www.radiopresidenteibanez.cl\/web\/?p=20617"},"modified":"2021-05-09T17:16:37","modified_gmt":"2021-05-09T17:16:37","slug":"intendenta-jenniffer-rojas-anuncia-puntos-de-control-moviles-y-masiva-fiscalizacion-a-vehiculos-transeuntes-y-empresas","status":"publish","type":"post","link":"https:\/\/www.radiopresidenteibanez.cl\/web\/intendenta-jenniffer-rojas-anuncia-puntos-de-control-moviles-y-masiva-fiscalizacion-a-vehiculos-transeuntes-y-empresas\/","title":{"rendered":"INTENDENTA JENNIFFER ROJAS ANUNCIA PUNTOS DE CONTROL M\u00d3VILES Y MASIVA FISCALIZACI\u00d3N A VEH\u00cdCULOS, TRANSE\u00daNTES Y EMPRESAS"},"content":{"rendered":"\n<p>En el contexto de la implementaci\u00f3n del nuevo punto de control en sector de tres puentes, la <strong>intendenta regional Jenniffer Rojas<\/strong>, junto al Jefe de la Defensa Nacional de Magallanes, <strong>General de Brigada Sergio Estevez<\/strong>; al <strong>seremi de Salud (s), Eduardo Castillo<\/strong>, a la <strong>seremi de Gobierno, Alejandra Mu\u00f1oz<\/strong>; y la <strong>Coordinadora Regional de Seguridad P\u00fablica, Pamela Flores<\/strong>, dieron a conocer las nuevas medidas que tomar\u00e1 el gobierno ante una nueva cuarentena en Punta Arenas, Puerto Natales y Porvenir. <\/p>\n\n\n\n<p>En la actividad, la\nprimera autoridad regional recalc\u00f3 que ser\u00e1 necesario el compromiso de la\nciudadan\u00eda en general y que en el nuevo plan de fiscalizaci\u00f3n: \u201cVamos a\ntriplicar las fiscalizaciones existentes. Se est\u00e1n activando nuevamente los\npuntos de control, donde van a existir una vigilancia&nbsp; exhaustiva de los permisos \u00fanicos colectivos\nde las personas, donde deber\u00e1n demostrar, en conjunto con el contrato, un\ndocumento que acredite la relaci\u00f3n laboral de por qu\u00e9 est\u00e1n circulando\u201d.<\/p>\n\n\n\n<p>A lo anterior, la\nintendenta Rojas hizo hincapi\u00e9 en que \u201clas Fuerzas Armadas van a realizar\ncontroles a personas de pie, caminando por distintos puntos, exigiendo los\npermisos e igual tendremos puntos de fiscalizaci\u00f3n m\u00f3viles, porque precisamente\nlas personas han creado hasta sitios se\u00f1alando donde hay controles para burlarlos.\nEl llamado es a la responsabilidad, a que no est\u00e9n esperando que los fiscalicen\npara poder cumplir con la normativa vigente. El llamado es a los que pueden\nquedarse en casa que lo hagan y a respetar esta cuarentena para que sea lo m\u00e1s\ncorta posible\u201d.<\/p>\n\n\n\n<p><em>Los operativos <\/em><\/p>\n\n\n\n<p>El seremi (s) de\nSalud, Eduardo Castillo, dijo que se va a implementar un aumento en la toma de\nant\u00edgenos, lo que \u201cva a permitir obtener resultados en menos de 30 minutos. Por\neso tambi\u00e9n vamos a fortalecer las residencias sanitarias con la contrataci\u00f3n\nde al menos 3 nuevos hoteles, que permitan dar la capacidad que hoy\nnecesitamos\u201d.<\/p>\n\n\n\n<p>A su vez, el\ntitular de la cartera sanitaria detall\u00f3 que se aument\u00f3 la fiscalizaci\u00f3n tanto\ndiurna como nocturna, sobre todo a lo que se refiere a comercio esencial y a\nlos permisos individuales. \u201cQueremos fomentar en estas semanas un estricto\ncontrol en todo para controlar r\u00e1pidamente este aumento de casos y que dure lo\nmenos posible la cuarentena\u201d, dijo Castillo.<\/p>\n\n\n\n<p>En cuanto a los\nlocales comerciales y empresas, las autoridades recalcaron que la restricci\u00f3n\nque tienen para operar es que sean comercio esencial y puedan tener permisos.\nIgualmente, se detall\u00f3 que se va fiscalizar que no solo tengan el giro, sino\nque la patente comercial y adem\u00e1s de eso, solo podr\u00e1n vender productos\nesenciales y eso debe estar definido en la patente comercial que tengan.<\/p>\n\n\n\n<p>Finalmente, el Jefe\nNacional de la Defensa en Magallanes, General de Brigada Sergio Est\u00e9vez dijo\nque \u201cLlamo a la consciencia de aquellos que infringen estas normas a trav\u00e9s de\nla violaci\u00f3n del toque de queda y medidas sanitarias; por ejemplo, a trav\u00e9s de\nlas fiestas clandestinas y est\u00e1n perjudicando a mucha gente que necesita\ntrabajar para poder sobrevivir\u201d.<\/p>\n","protected":false},"excerpt":{"rendered":"<p>En el contexto de la implementaci\u00f3n del nuevo punto de control en sector de tres puentes, la intendenta regional Jenniffer Rojas, junto al Jefe de la Defensa Nacional de Magallanes,&#8230; <a class=\"read-more\" href=\"https:\/\/www.radiopresidenteibanez.cl\/web\/intendenta-jenniffer-rojas-anuncia-puntos-de-control-moviles-y-masiva-fiscalizacion-a-vehiculos-transeuntes-y-empresas\/\">Leer m\u00e1s<\/a><\/p>\n","protected":false},"author":2,"featured_media":20618,"comment_status":"closed","ping_status":"closed","sticky":false,"template":"","format":"standard","meta":{"footnotes":""},"categories":[1],"tags":[],"class_list":["post-20617","post","type-post","status-publish","format-standard","has-post-thumbnail","hentry","category-cronica"],"_links":{"self":[{"href":"https:\/\/www.radiopresidenteibanez.cl\/web\/wp-json\/wp\/v2\/posts\/20617","targetHints":{"allow":["GET"]}}],"collection":[{"href":"https:\/\/www.radiopresidenteibanez.cl\/web\/wp-json\/wp\/v2\/posts"}],"about":[{"href":"https:\/\/www.radiopresidenteibanez.cl\/web\/wp-json\/wp\/v2\/types\/post"}],"author":[{"embeddable":true,"href":"https:\/\/www.radiopresidenteibanez.cl\/web\/wp-json\/wp\/v2\/users\/2"}],"replies":[{"embeddable":true,"href":"https:\/\/www.radiopresidenteibanez.cl\/web\/wp-json\/wp\/v2\/comments?post=20617"}],"version-history":[{"count":0,"href":"https:\/\/www.radiopresidenteibanez.cl\/web\/wp-json\/wp\/v2\/posts\/20617\/revisions"}],"wp:featuredmedia":[{"embeddable":true,"href":"https:\/\/www.radiopresidenteibanez.cl\/web\/wp-json\/wp\/v2\/media\/20618"}],"wp:attachment":[{"href":"https:\/\/www.radiopresidenteibanez.cl\/web\/wp-json\/wp\/v2\/media?parent=20617"}],"wp:term":[{"taxonomy":"category","embeddable":true,"href":"https:\/\/www.radiopresidenteibanez.cl\/web\/wp-json\/wp\/v2\/categories?post=20617"},{"taxonomy":"post_tag","embeddable":true,"href":"https:\/\/www.radiopresidenteibanez.cl\/web\/wp-json\/wp\/v2\/tags?post=20617"}],"curies":[{"name":"wp","href":"https:\/\/api.w.org\/{rel}","templated":true}]}}