{"id":20614,"date":"2021-05-10T03:15:00","date_gmt":"2021-05-10T03:15:00","guid":{"rendered":"https:\/\/www.radiopresidenteibanez.cl\/web\/?p=20614"},"modified":"2021-05-09T17:14:10","modified_gmt":"2021-05-09T17:14:10","slug":"243-familias-de-magallanes-seran-beneficiadas-con-el-subsidio-de-arriendo-especial-clase-media-del-minvu","status":"publish","type":"post","link":"https:\/\/www.radiopresidenteibanez.cl\/web\/243-familias-de-magallanes-seran-beneficiadas-con-el-subsidio-de-arriendo-especial-clase-media-del-minvu\/","title":{"rendered":"243 FAMILIAS DE MAGALLANES SER\u00c1N BENEFICIADAS CON EL SUBSIDIO DE ARRIENDO ESPECIAL CLASE MEDIA DEL MINVU"},"content":{"rendered":"\n<p>El\nministro de Vivienda y Urbanismo,&nbsp;<strong>Felipe Ward<\/strong>, entreg\u00f3 un balance\nde familias beneficiadas con el Subsidio de Arriendo Especial Clase Media, que\ninici\u00f3 sus postulaciones en marzo y que se mantendr\u00e1 abierto hasta el 31 de\nmayo. En efecto, son 9.456 personas las primeras favorecidas con este programa\nque les entrega una ayuda econ\u00f3mica para el arriendo de su vivienda, 243\nfamilias son de la Regi\u00f3n de Magallanes y de la Antartica Chilena .<\/p>\n\n\n\n<p>Este\nsubsidio est\u00e1 destinado a personas que hayan perdido su trabajo o disminuido\nsus ingresos en, al menos, un 30%, siendo favorecidas con una ayuda de hasta\n250 mil pesos, durante tres meses, para arriendos de hasta los 600 mil pesos.<\/p>\n\n\n\n<p>\u201cEste\nes un beneficio que se encuentra vigente hasta el 31 de mayo, pero la idea no\nes esperar hasta el final de forma de ir entregando los beneficios, sino que ir\nhaciendo parciales. Ya hicimos un cierre parcial en abril, aqu\u00ed est\u00e1n los 9.456\nbeneficiarios. Vamos a hacer un segundo cierre en mayo y un tercer cierre en junio,\nde forma de que quienes vayan postulando vayan recibiendo lo m\u00e1s r\u00e1pidamente\nposible este beneficio\u201d, expres\u00f3 el Ministro Felipe Ward.<\/p>\n\n\n\n<p>El\ntitular del Minvu agreg\u00f3 que, \u201cSabemos que hay miles de familias que en Chile\nlo est\u00e1n pasando mal, queremos llegar antes con los beneficios que entrega el\nEstado, este es un beneficio que nace directamente por instrucciones del\nPresidente de la Rep\u00fablica, Sebasti\u00e1n Pi\u00f1era y que nosotros como Ministerio de Vivienda\ny Urbanismo estamos muy orgullosos de implementar\u201d.<\/p>\n\n\n\n<p>Al\nrespecto el seremi de Vivienda y Urbanismo <strong>Jos\u00e9 Miguel Horcos<\/strong>, relev\u00f3\nque \u201c243 personas de Punta Arenas y Natales principalmente, van a recibir este\naporte para tres meses de arriendo, pero hacemos un llamado a quienes han\nperdido sus empleos o quienes hayan tenido una disminuci\u00f3n de sus ingresos, a\nque postulen, hay plazo hasta el 31 de mayo para hacerlo en la p\u00e1gina web <a href=\"http:\/\/www.minvu.cl\">www.minvu.cl<\/a>. Aqu\u00ed lo m\u00e1s importante es que\ncuando hagan su postulaci\u00f3n, las personas demuestren su condici\u00f3n respecto a\nlos ingresos y suban los documentos que se solicitan para ser seleccionados\u201d.<\/p>\n\n\n\n<p>En\ntanto, el director (s) de Serviu <strong>Julio Mu\u00f1oz<\/strong>, destac\u00f3 el proceso llevado\nadelante, \u201ceste subsidio de emergencia tiene muchas excepciones, por lo que los\nrequisitos son m\u00ednimos. Ahora cabe dejar claro que las personas seleccionadas\nfueron las que postularon hasta el 9 de abril, las personas que hayan postulado\ndespu\u00e9s de esa fecha, si sus documentos corroboran su condici\u00f3n, van a ser\nseleccionados a principios de junio y quienes lo hagan hasta el 31 de mayo,\nser\u00e1n seleccionados en julio. Quienes fueron rechazados, fueron informados de\nlas razones por correo electr\u00f3nico, estas personas pueden arreglar sus\ndocumentos y volver a postular\u201d.<\/p>\n\n\n\n<p>Agreg\u00f3\nque las consultas formales pueden ser realizadas en <a href=\"http:\/\/www.minvu.cl\">www.minvu.cl<\/a>, a trav\u00e9s de casilla de contacto general, o al\ncorreo electr\u00f3nico <a href=\"mailto:serviumagallanes@minvu.cl\">serviumagallanes@minvu.cl<\/a>,\npara informaci\u00f3n general del proceso las personas pueden contactarse v\u00eda\nmensaje en el fanpage\nde Facebook SERVIU Magallanes (<a href=\"https:\/\/www.facebook.com\/serviumagallanes\/\">facebook.com\/serviumagallanes\/<\/a>).<\/p>\n\n\n\n<p>Para\ntodos aquellos que resultaron beneficiados, a partir de la segunda quincena de\nmayo los arrendadores recibir\u00e1n una transferencia electr\u00f3nica con el pago de\nlos tres meses que contempla este subsidio, es decir, el pago de mayo, junio y\njulio. <\/p>\n\n\n\n<p>La\nn\u00f3mina de beneficiarios ya est\u00e1 disponible en <a href=\"http:\/\/www.minvu.cl\">www.minvu.cl<\/a>. <\/p>\n\n\n\n<p><strong>\u00bfC\u00f3mo\nfunciona?<\/strong><\/p>\n\n\n\n<p>El\nSubsidio de Arriendo Especial Clase Media es un programa especial de arriendo\npara familias que se han visto afectadas econ\u00f3micamente como efecto de la\npandemia por Covid-19. Ser\u00e1n 100 mil subsidios en total, los primeros 50 mil se\nentregaron durante el segundo semestre de 2020, mientras que en marzo de este\na\u00f1o se inici\u00f3 un nuevo proceso de postulaci\u00f3n para la entrega de otros 50 mil\nsubsidios.<\/p>\n\n\n\n<p><strong>\u00bfCu\u00e1les\nson los requisitos para postular?<\/strong><\/p>\n\n\n\n<ol class=\"wp-block-list\"><li>Demostrar p\u00e9rdida de empleo o\nbaja de m\u00e1s del 30% de ingresos.<\/li><li>Declaraci\u00f3n del n\u00facleo familiar\ncon el que se postular (Pueden postular personas con y sin RSH).<\/li><li>Estar arrendando una vivienda\nactualmente de hasta $600.000.<\/li><li>Presentar los documentos de\npostulaci\u00f3n.<\/li><\/ol>\n","protected":false},"excerpt":{"rendered":"<p>El ministro de Vivienda y Urbanismo,&nbsp;Felipe Ward, entreg\u00f3 un balance de familias beneficiadas con el Subsidio de Arriendo Especial Clase Media, que inici\u00f3 sus postulaciones en marzo y que se&#8230; <a class=\"read-more\" href=\"https:\/\/www.radiopresidenteibanez.cl\/web\/243-familias-de-magallanes-seran-beneficiadas-con-el-subsidio-de-arriendo-especial-clase-media-del-minvu\/\">Leer m\u00e1s<\/a><\/p>\n","protected":false},"author":2,"featured_media":20615,"comment_status":"closed","ping_status":"closed","sticky":false,"template":"","format":"standard","meta":{"footnotes":""},"categories":[1],"tags":[],"class_list":["post-20614","post","type-post","status-publish","format-standard","has-post-thumbnail","hentry","category-cronica"],"_links":{"self":[{"href":"https:\/\/www.radiopresidenteibanez.cl\/web\/wp-json\/wp\/v2\/posts\/20614","targetHints":{"allow":["GET"]}}],"collection":[{"href":"https:\/\/www.radiopresidenteibanez.cl\/web\/wp-json\/wp\/v2\/posts"}],"about":[{"href":"https:\/\/www.radiopresidenteibanez.cl\/web\/wp-json\/wp\/v2\/types\/post"}],"author":[{"embeddable":true,"href":"https:\/\/www.radiopresidenteibanez.cl\/web\/wp-json\/wp\/v2\/users\/2"}],"replies":[{"embeddable":true,"href":"https:\/\/www.radiopresidenteibanez.cl\/web\/wp-json\/wp\/v2\/comments?post=20614"}],"version-history":[{"count":0,"href":"https:\/\/www.radiopresidenteibanez.cl\/web\/wp-json\/wp\/v2\/posts\/20614\/revisions"}],"wp:featuredmedia":[{"embeddable":true,"href":"https:\/\/www.radiopresidenteibanez.cl\/web\/wp-json\/wp\/v2\/media\/20615"}],"wp:attachment":[{"href":"https:\/\/www.radiopresidenteibanez.cl\/web\/wp-json\/wp\/v2\/media?parent=20614"}],"wp:term":[{"taxonomy":"category","embeddable":true,"href":"https:\/\/www.radiopresidenteibanez.cl\/web\/wp-json\/wp\/v2\/categories?post=20614"},{"taxonomy":"post_tag","embeddable":true,"href":"https:\/\/www.radiopresidenteibanez.cl\/web\/wp-json\/wp\/v2\/tags?post=20614"}],"curies":[{"name":"wp","href":"https:\/\/api.w.org\/{rel}","templated":true}]}}