{"id":20612,"date":"2021-05-09T16:59:53","date_gmt":"2021-05-09T16:59:53","guid":{"rendered":"https:\/\/www.radiopresidenteibanez.cl\/web\/?p=20612"},"modified":"2021-05-09T16:59:59","modified_gmt":"2021-05-09T16:59:59","slug":"votar-es-necesario-pero-con-eso-basta-por-bastian-millapel","status":"publish","type":"post","link":"https:\/\/www.radiopresidenteibanez.cl\/web\/votar-es-necesario-pero-con-eso-basta-por-bastian-millapel\/","title":{"rendered":"\u00abVOTAR ES NECESARIO, PERO \u00bfCON ESO BASTA?\u00bb por Basti\u00e1n Millapel"},"content":{"rendered":"\n<p>Durante muchos a\u00f1os hemos visto en\nnuestro pa\u00eds, que cada cierto tiempo han surgido manifestaciones ciudadanas que\nhan remecido el clima de la pol\u00edtica en aquel entonces, muchas veces por\nconstantes cr\u00edticas a un sistema ileg\u00edtimo desde su origen, a falta de\noportunidades, al abuso de poder de los distintos poderes del Estado y la elite\necon\u00f3mica, que daba paso a una indignaci\u00f3n constante y sostenida en el tiempo.\nUna indignaci\u00f3n hacia quienes ostentan poder, de cualquier tipo, porque nadie\nconf\u00eda en nadie. Ciudadanos y ciudadanas que se sienten de distintas categor\u00edas\npor su nivel socio econ\u00f3mico. &nbsp;<\/p>\n\n\n\n<p>Desde el 18 de octubre del 2019, toda\nesa indignaci\u00f3n abri\u00f3 hacia una explosi\u00f3n de participaci\u00f3n ciudadana en muchas\nciudades de Chile. Esto nos hizo despojarnos de la idea que exist\u00eda una\nciudadan\u00eda ap\u00e1tica, desinteresada por los asuntos p\u00fablicos, que s\u00f3lo ve\u00edamos de\nforma indignada en manifestaciones circunstanciales. Ahora no, la ciudadan\u00eda\nquer\u00eda participar, debatir, verse a los ojos, reconocernos, decir los que nos\ngusta y no nos gusta, pero por sobre todo, no s\u00f3lo quedarse en la protesta,\nsino participar en las propuestas de un nuevo Chile. A trav\u00e9s de cabildos\nautoconvocados, asambleas territoriales, di\u00e1logos entre vecinos y vecinas en\nlas plazas, juntas de vecinos, etc.<\/p>\n\n\n\n<p>Ahora bien, es necesario analizar\nnuestro escenario institucional actual, y me atrevo a decir que este est\u00e1\nlimitado en cuanto a la participaci\u00f3n ciudadana. Si bien existe una obligaci\u00f3n\nde implementar mecanismos de participaci\u00f3n ciudadana en varios de los \u00e1mbitos\nurbanos, incluyendo la planificaci\u00f3n urbana, el \u00fanico instrumento vinculante es\nel plebiscito comunal, el que ha sido usado s\u00f3lo cinco veces desde los a\u00f1os\nnoventa y que tiene como requisito, para ser vinculante, que al menos un 50% de\nlos inscritos en el padr\u00f3n electoral voten. Adem\u00e1s de los Consejos de la\nSociedad Civil, consagrados por la ley 20.500, promulgada en 2011, se ha podido\nidentificar una diversidad de experiencias de participaci\u00f3n ciudadana\nrelacionadas con la planificaci\u00f3n, de lo urbano, del transporte y del\nmedioambiente entre otros, as\u00ed como con proyectos de dise\u00f1o urbano. Sin\nembargo, se demuestra una gran dispersi\u00f3n y discontinuidad de estas iniciativas\na lo largo de nuestro territorio nacional, lo que da cuenta que estos\nmecanismos tienen que ser reforzados por nuevas formas de organizaci\u00f3n desde\nlos territorios.&nbsp;<\/p>\n\n\n\n<p>La discusi\u00f3n p\u00fablica sobre la necesidad\nde profundizar la democracia, tanto a nivel nacional como a nivel territorial,\nes a\u00fan bastante discreta en Chile. Es necesario establecer modificaciones sobre\nasociaciones y participaci\u00f3n ciudadana en la gesti\u00f3n p\u00fablica, falta a\u00fan una\nreflexi\u00f3n ciudadana m\u00e1s amplia sobre los mecanismos de participaci\u00f3n ciudadana\ny la organizaci\u00f3n vecinal y territorial que queremos.<\/p>\n\n\n\n<p>Y precisamente vinculando esto, al\nproceso constituyente al que estamos ad portas de una semana, me parece\nimportante que desde ya conversemos sobre c\u00f3mo queremos que est\u00e9n organizadas\nnuestras ciudades y qu\u00e9 rol queremos tener como ciudadanos y ciudadanas en la\nvida p\u00fablica de nuestro pa\u00eds. Adem\u00e1s se deben establecer nuevos mecanismos que\nnos permita poder plantear nuestras diversas experiencias e ideas en este\nproceso tan importante e hist\u00f3rico. Que esta pandemia a la que nos vemos\nenfrentado, no nos devuelva nuevamente a un estado de pasividad p\u00fablica. La\nciudadan\u00eda no s\u00f3lo tiene el derecho, sino que la obligaci\u00f3n a expresarse fuera\nde las urnas, de manera permanente y con incidencia en sus ciudades de forma\nvinculante.<\/p>\n\n\n\n<p><strong>Votar es necesario, pero con eso no\nbasta. <\/strong><\/p>\n\n\n\n<p><strong>BASTI\u00c1N\nMILLAPEL TIZNADO<\/strong><\/p>\n\n\n\n<p><strong>VANGUARDIA\nCOMUNITARIA<\/strong><\/p>\n","protected":false},"excerpt":{"rendered":"<p>Durante muchos a\u00f1os hemos visto en nuestro pa\u00eds, que cada cierto tiempo han surgido manifestaciones ciudadanas que han remecido el clima de la pol\u00edtica en aquel entonces, muchas veces por&#8230; <a class=\"read-more\" href=\"https:\/\/www.radiopresidenteibanez.cl\/web\/votar-es-necesario-pero-con-eso-basta-por-bastian-millapel\/\">Leer m\u00e1s<\/a><\/p>\n","protected":false},"author":2,"featured_media":14353,"comment_status":"closed","ping_status":"closed","sticky":false,"template":"","format":"standard","meta":{"footnotes":""},"categories":[1],"tags":[],"class_list":["post-20612","post","type-post","status-publish","format-standard","has-post-thumbnail","hentry","category-cronica"],"_links":{"self":[{"href":"https:\/\/www.radiopresidenteibanez.cl\/web\/wp-json\/wp\/v2\/posts\/20612","targetHints":{"allow":["GET"]}}],"collection":[{"href":"https:\/\/www.radiopresidenteibanez.cl\/web\/wp-json\/wp\/v2\/posts"}],"about":[{"href":"https:\/\/www.radiopresidenteibanez.cl\/web\/wp-json\/wp\/v2\/types\/post"}],"author":[{"embeddable":true,"href":"https:\/\/www.radiopresidenteibanez.cl\/web\/wp-json\/wp\/v2\/users\/2"}],"replies":[{"embeddable":true,"href":"https:\/\/www.radiopresidenteibanez.cl\/web\/wp-json\/wp\/v2\/comments?post=20612"}],"version-history":[{"count":0,"href":"https:\/\/www.radiopresidenteibanez.cl\/web\/wp-json\/wp\/v2\/posts\/20612\/revisions"}],"wp:featuredmedia":[{"embeddable":true,"href":"https:\/\/www.radiopresidenteibanez.cl\/web\/wp-json\/wp\/v2\/media\/14353"}],"wp:attachment":[{"href":"https:\/\/www.radiopresidenteibanez.cl\/web\/wp-json\/wp\/v2\/media?parent=20612"}],"wp:term":[{"taxonomy":"category","embeddable":true,"href":"https:\/\/www.radiopresidenteibanez.cl\/web\/wp-json\/wp\/v2\/categories?post=20612"},{"taxonomy":"post_tag","embeddable":true,"href":"https:\/\/www.radiopresidenteibanez.cl\/web\/wp-json\/wp\/v2\/tags?post=20612"}],"curies":[{"name":"wp","href":"https:\/\/api.w.org\/{rel}","templated":true}]}}