{"id":20610,"date":"2021-05-10T03:00:00","date_gmt":"2021-05-10T03:00:00","guid":{"rendered":"https:\/\/www.radiopresidenteibanez.cl\/web\/?p=20610"},"modified":"2021-05-09T16:55:36","modified_gmt":"2021-05-09T16:55:36","slug":"municipalidad-de-natales-mantiene-atencion-presencial-durante-la-cuarentena","status":"publish","type":"post","link":"https:\/\/www.radiopresidenteibanez.cl\/web\/municipalidad-de-natales-mantiene-atencion-presencial-durante-la-cuarentena\/","title":{"rendered":"MUNICIPALIDAD DE NATALES MANTIENE ATENCI\u00d3N PRESENCIAL DURANTE LA CUARENTENA"},"content":{"rendered":"\n<p>Con el fin de\nbrindar una atenci\u00f3n \u00f3ptima a los vecinos de Natales durante la cuarentena, la\nMunicipalidad de Natales no modificar\u00e1 el horario de atenci\u00f3n al p\u00fablico en los\ndepartamentos y los servicios que est\u00e1n bajo la administraci\u00f3n municipal.<\/p>\n\n\n\n<p>Producto de\nesta situaci\u00f3n, la entrega de servicios en los edificios municipales se est\u00e1\nrealizando bajo estrictas medidas sanitarias, solicitando el permiso temporal\nindividual al ingreso, toma de temperatura, aplicaci\u00f3n de alcohol gel, uso de\npediluvio y mascarilla.<\/p>\n\n\n\n<p>La atenci\u00f3n\nmunicipal sigue con el mismo horario de funcionamiento de lunes a viernes de 8:00\na 13:00 horas. El desarrollo de los servicios est\u00e1 siendo realizado mediante un\nsistema de turnos para garantizar una correcta atenci\u00f3n, pero disminuyendo el personal\npara evitar contagios y proteger a los funcionarios y la poblaci\u00f3n. <\/p>\n\n\n\n<p>Las personas\nque tengan dudas respecto a alg\u00fan servicio municipal pueden llamar al 612209500\nde lunes a viernes entre las 08:00 y 17:00 horas.<\/p>\n\n\n\n<p>En tanto, la\nrecolecci\u00f3n de residuos domiciliarios en la ciudad contin\u00faa funcionando de\nmanera normal. El vertedero municipal mantiene su horario de lunes a\ns\u00e1bado&nbsp; de 08:30 a 14:00 horas.<\/p>\n\n\n\n<p>El Centro de\nSalud Familiar Dr. Juan Lozic P\u00e9rez permanece con los mismo horarios, lunes a\njueves de 08:00 a 17:00 horas y los viernes hasta las 16:00 horas. La Farmacia\nComunal tambi\u00e9n continuar\u00e1 con el mismo horario de atenci\u00f3n, lunes a jueves de\n10:00 a 18:30 horas y los viernes hasta las 17:30 horas. <\/p>\n\n\n\n<p>Respecto de los\ncementerios de Puerto Natales, estos permanecer\u00e1n cerrados mientras la ciudad\nsiga en Fase 1, sin embargo, los funerales con responso se pueden realizar de\nacuerdo al protocolo sanitario.<\/p>\n\n\n\n<p>&nbsp;El Rodoviario Municipal de Natales sigue funcionando\ncon la mitad de sus trabajadores, todo esto para limitar la cantidad de\npersonas en el terminal terrestre. Los buses rurales mantienen su\nfuncionamiento con normalidad y los buses interprovinciales disminuyeron su\nfrecuencia ante la baja de pasajeros. Finalmente, es importante destacar que\nlos motivos de viaje deben estar justificados ante la Serem\u00eda de Salud que se\nencuentra en Rodoviario Municipal, mostrando el pasaporte sanitario y el\nsalvoconducto correspondiente a hora m\u00e9dica, fallecimiento de familiar directo,\nretorno a residencia de origen o por traslado de trabajadores esenciales.<\/p>\n","protected":false},"excerpt":{"rendered":"<p>Con el fin de brindar una atenci\u00f3n \u00f3ptima a los vecinos de Natales durante la cuarentena, la Municipalidad de Natales no modificar\u00e1 el horario de atenci\u00f3n al p\u00fablico en los&#8230; <a class=\"read-more\" href=\"https:\/\/www.radiopresidenteibanez.cl\/web\/municipalidad-de-natales-mantiene-atencion-presencial-durante-la-cuarentena\/\">Leer m\u00e1s<\/a><\/p>\n","protected":false},"author":2,"featured_media":101,"comment_status":"closed","ping_status":"closed","sticky":false,"template":"","format":"standard","meta":{"footnotes":""},"categories":[1],"tags":[],"class_list":["post-20610","post","type-post","status-publish","format-standard","has-post-thumbnail","hentry","category-cronica"],"_links":{"self":[{"href":"https:\/\/www.radiopresidenteibanez.cl\/web\/wp-json\/wp\/v2\/posts\/20610","targetHints":{"allow":["GET"]}}],"collection":[{"href":"https:\/\/www.radiopresidenteibanez.cl\/web\/wp-json\/wp\/v2\/posts"}],"about":[{"href":"https:\/\/www.radiopresidenteibanez.cl\/web\/wp-json\/wp\/v2\/types\/post"}],"author":[{"embeddable":true,"href":"https:\/\/www.radiopresidenteibanez.cl\/web\/wp-json\/wp\/v2\/users\/2"}],"replies":[{"embeddable":true,"href":"https:\/\/www.radiopresidenteibanez.cl\/web\/wp-json\/wp\/v2\/comments?post=20610"}],"version-history":[{"count":0,"href":"https:\/\/www.radiopresidenteibanez.cl\/web\/wp-json\/wp\/v2\/posts\/20610\/revisions"}],"wp:featuredmedia":[{"embeddable":true,"href":"https:\/\/www.radiopresidenteibanez.cl\/web\/wp-json\/wp\/v2\/media\/101"}],"wp:attachment":[{"href":"https:\/\/www.radiopresidenteibanez.cl\/web\/wp-json\/wp\/v2\/media?parent=20610"}],"wp:term":[{"taxonomy":"category","embeddable":true,"href":"https:\/\/www.radiopresidenteibanez.cl\/web\/wp-json\/wp\/v2\/categories?post=20610"},{"taxonomy":"post_tag","embeddable":true,"href":"https:\/\/www.radiopresidenteibanez.cl\/web\/wp-json\/wp\/v2\/tags?post=20610"}],"curies":[{"name":"wp","href":"https:\/\/api.w.org\/{rel}","templated":true}]}}