{"id":20607,"date":"2021-05-09T16:54:13","date_gmt":"2021-05-09T16:54:13","guid":{"rendered":"https:\/\/www.radiopresidenteibanez.cl\/web\/?p=20607"},"modified":"2021-05-09T16:54:19","modified_gmt":"2021-05-09T16:54:19","slug":"desarrollo-social-y-familia-realiza-llamado-a-concurso-para-implementar-ruta-social-en-punta-arenas","status":"publish","type":"post","link":"https:\/\/www.radiopresidenteibanez.cl\/web\/desarrollo-social-y-familia-realiza-llamado-a-concurso-para-implementar-ruta-social-en-punta-arenas\/","title":{"rendered":"DESARROLLO SOCIAL Y FAMILIA REALIZA LLAMADO A CONCURSO PARA IMPLEMENTAR RUTA SOCIAL EN PUNTA ARENAS"},"content":{"rendered":"\n<p>&nbsp;El Ministerio de Desarrollo Social y Familia, a trav\u00e9s de la Subsecretaria de Servicios Sociales, realiz\u00f3 un llamado a concurso para que personas jur\u00eddicas ejecuten en Punta Arenas la llamada Ruta Social, que se organiza para entregar alimentaci\u00f3n, abrigo, elementos de protecci\u00f3n personal y traslados a albergues a personas en situaci\u00f3n de calle.<\/p>\n\n\n\n<p>Este concurso se ejecuta en el marco del programa Plan Protege Calle 2021, estrategia intersectorial liderada por el Ministerio de Desarrollo Social y Familia que busca proteger la vida de las cerca de 16 mil personas en situaci\u00f3n de calle que existen en Chile.<\/p>\n\n\n\n<p>La Seremi de Desarrollo Social y Familia, Liz Casanueva, se\u00f1al\u00f3 que \u201cnuestro ministerio dispondr\u00e1 de un total de $54.000.000 para la puesta en marcha de este dispositivo en Punta Arenas, y que estar\u00e1 a cargo de una organizaci\u00f3n social que tendr\u00e1 la responsabilidad de atender a 30 personas diariamente. Como estamos en un contexto de emergencia sanitaria, este a\u00f1o nuestro ministerio ha tenido la especial dedicaci\u00f3n en activar el Plan Protege Calle, el cual incluye el fortalecimiento del proceso de vacunaci\u00f3n para este segmento, la habilitaci\u00f3n de tres albergues para la regi\u00f3n y el comienzo de una Ruta M\u00e9dica, todo con la finalidad de resguardar la vida de 155 personas\u201d.<\/p>\n\n\n\n<p>Aparte de esta pr\u00f3xima Ruta a implementarse en el mes de junio, existen otras dos que comenzaron a funcionar el pasado lunes 3 de mayo en Natales y Punta Arenas, iniciativa nacional gestionada mediante trato directo con Carabineros de Chile, instituci\u00f3n que trav\u00e9s de sus comisarias atender\u00e1 a 45 personas al d\u00eda en Magallanes.<\/p>\n\n\n\n<p>Para postular a esta convocatoria las instituciones privadas con personalidad jur\u00eddica sin fines de lucro, municipalidades y organismos del Gobierno Central deber\u00e1n solicitar invitaci\u00f3n para acceder a la plataforma virtual del Sistema de Gesti\u00f3n de Convenios del ministerio (SIGEC) hasta las 14:00 horas de ma\u00f1ana viernes 7 de mayo, seg\u00fan lo indicado en las bases disponibles en&nbsp;<a href=\"https:\/\/bit.ly\/3h8Anwa\" target=\"_blank\" rel=\"noreferrer noopener\">https:\/\/bit.ly\/3h8Anwa<\/a>.<\/p>\n\n\n\n<p>Las instituciones interesadas podr\u00e1n solicitar invitaci\u00f3n enviando un email a&nbsp;<a href=\"mailto:mdiazb@desarrollosocial.cl\" target=\"_blank\" rel=\"noreferrer noopener\">mdiazb@desarrollosocial.cl<\/a>&nbsp;con copia a&nbsp;<a href=\"mailto:fepul@desarrollosocial.cl\" target=\"_blank\" rel=\"noreferrer noopener\">fepul@desarrollosocial.cl<\/a>. Adem\u00e1s por esta v\u00eda se podr\u00e1 solicitar la creaci\u00f3n de la cuenta de usuario y contrase\u00f1a para la utilizaci\u00f3n de la plataforma virtual SIGEC, pudiendo adem\u00e1s realizar consultas referentes al concurso.<\/p>\n\n\n\n<p>La transferencia de los recursos se efectuar\u00e1 en relaci\u00f3n a los convenios que el ministerio suscriba con los organismos ejecutores, quedando estipuladas las acciones a desarrollar y las normas exigidas para la implementaci\u00f3n de la Ruta Social.<br><\/p>\n","protected":false},"excerpt":{"rendered":"<p>&nbsp;El Ministerio de Desarrollo Social y Familia, a trav\u00e9s de la Subsecretaria de Servicios Sociales, realiz\u00f3 un llamado a concurso para que personas jur\u00eddicas ejecuten en Punta Arenas la llamada&#8230; <a class=\"read-more\" href=\"https:\/\/www.radiopresidenteibanez.cl\/web\/desarrollo-social-y-familia-realiza-llamado-a-concurso-para-implementar-ruta-social-en-punta-arenas\/\">Leer m\u00e1s<\/a><\/p>\n","protected":false},"author":2,"featured_media":20608,"comment_status":"closed","ping_status":"closed","sticky":false,"template":"","format":"standard","meta":{"footnotes":""},"categories":[1],"tags":[],"class_list":["post-20607","post","type-post","status-publish","format-standard","has-post-thumbnail","hentry","category-cronica"],"_links":{"self":[{"href":"https:\/\/www.radiopresidenteibanez.cl\/web\/wp-json\/wp\/v2\/posts\/20607","targetHints":{"allow":["GET"]}}],"collection":[{"href":"https:\/\/www.radiopresidenteibanez.cl\/web\/wp-json\/wp\/v2\/posts"}],"about":[{"href":"https:\/\/www.radiopresidenteibanez.cl\/web\/wp-json\/wp\/v2\/types\/post"}],"author":[{"embeddable":true,"href":"https:\/\/www.radiopresidenteibanez.cl\/web\/wp-json\/wp\/v2\/users\/2"}],"replies":[{"embeddable":true,"href":"https:\/\/www.radiopresidenteibanez.cl\/web\/wp-json\/wp\/v2\/comments?post=20607"}],"version-history":[{"count":0,"href":"https:\/\/www.radiopresidenteibanez.cl\/web\/wp-json\/wp\/v2\/posts\/20607\/revisions"}],"wp:featuredmedia":[{"embeddable":true,"href":"https:\/\/www.radiopresidenteibanez.cl\/web\/wp-json\/wp\/v2\/media\/20608"}],"wp:attachment":[{"href":"https:\/\/www.radiopresidenteibanez.cl\/web\/wp-json\/wp\/v2\/media?parent=20607"}],"wp:term":[{"taxonomy":"category","embeddable":true,"href":"https:\/\/www.radiopresidenteibanez.cl\/web\/wp-json\/wp\/v2\/categories?post=20607"},{"taxonomy":"post_tag","embeddable":true,"href":"https:\/\/www.radiopresidenteibanez.cl\/web\/wp-json\/wp\/v2\/tags?post=20607"}],"curies":[{"name":"wp","href":"https:\/\/api.w.org\/{rel}","templated":true}]}}