{"id":20601,"date":"2021-05-10T02:30:00","date_gmt":"2021-05-10T02:30:00","guid":{"rendered":"https:\/\/www.radiopresidenteibanez.cl\/web\/?p=20601"},"modified":"2021-05-09T16:51:03","modified_gmt":"2021-05-09T16:51:03","slug":"cesteria-yagan-lengua-kawesqar-y-vestigios-arqueologicos-fueron-abordados-en-conversatorio-patrimonio-bajo-la-cruz-del-sur-estos-otros-libros","status":"publish","type":"post","link":"https:\/\/www.radiopresidenteibanez.cl\/web\/cesteria-yagan-lengua-kawesqar-y-vestigios-arqueologicos-fueron-abordados-en-conversatorio-patrimonio-bajo-la-cruz-del-sur-estos-otros-libros\/","title":{"rendered":"CESTER\u00cdA YAG\u00c1N, LENGUA KAW\u00c9SQAR Y VESTIGIOS ARQUEOL\u00d3GICOS FUERON ABORDADOS EN CONVERSATORIO \u201cPATRIMONIO BAJO LA CRUZ DEL SUR: ESTOS OTROS LIBROS\u201d"},"content":{"rendered":"\n<p>En el marco de la celebraci\u00f3n del D\u00eda del Libro y el D\u00eda de la Lengua celebrado el pasado viernes 23 de abril, la Vicerrector\u00eda de Vinculaci\u00f3n con el Medio de la Universidad de Magallanes en conjunto con la Direcci\u00f3n Regional del Servicio Nacional del Patrimonio Cultural (SNPC) ofrecieron a la comunidad el conversatorio \u201cEstos otros libros\u201d, actividad que forma parte del ciclo \u201cPatrimonio bajo la Cruz del Sur\u201d y se&nbsp;encuentra disponible en el canal Youtube del SNPC:&nbsp;<a href=\"https:\/\/www.youtube.com\/watch?v=hzec636Btvw\" target=\"_blank\" rel=\"noreferrer noopener\">https:\/\/www.youtube.com\/watch?v=hzec636Btvw<\/a><\/p>\n\n\n\n<p>Junto con entregar un saludo al inicio del&nbsp;encuentro, la Directora de Extensi\u00f3n Universitaria de la Umag, M\u00f3nica Araus, record\u00f3 que en 2020 se inici\u00f3 la colaboraci\u00f3n con el SNPC para organizar una serie de&nbsp;actividades&nbsp;abiertas a la comunidad. As\u00ed, bajo el concepto de \u201cPatrimonio bajo la Cruz del Sur\u201d, se espera concretar dos&nbsp;conversatorios&nbsp;por semestre durante este a\u00f1o, que muestren diferentes perspectivas del patrimonio magall\u00e1nico.&nbsp;\u201cPr\u00f3ximamente estaremos anunciando un nuevo&nbsp;di\u00e1logo en el marco de este ciclo\u201d, agreg\u00f3.<\/p>\n\n\n\n<p>Por su parte, el director regional del SNPC, Pablo Quercia, destac\u00f3 que \u201cdesde tiempos remotos, las comunidades han habitado un territorio heredando saberes en soportes diversos, lo que integra el patrimonio cultural inmaterial que nos identifica y nos invita a pensar en nuevas maneras de abordar la permanencia del conocimiento\u201d. Acot\u00f3 que \u201cla actividad cont\u00f3 con traducci\u00f3n a lengua de se\u00f1as chilena a cargo de Luz Hern\u00e1ndez, pues nos interesa que estas instancias sean cada vez m\u00e1s inclusivas\u201d.<\/p>\n\n\n\n<p>Este primer di\u00e1logo abord\u00f3 formas de transmitir saberes empleadas por los Pueblos Originarios Australes, distintas a los libros tradicionales. Moderado por el escritor y acad\u00e9mico de la UMAG Pavel Oyarz\u00fan, se inici\u00f3 con un homenaje al recientemente fallecido escritor magall\u00e1nico Eugenio Mimica.<\/p>\n\n\n\n<p>Los panelistas participantes expusieron brevemente para luego desarrollar una conversaci\u00f3n a partir de las preguntas formuladas por el moderador. As\u00ed, Ruth Simeone (profesional del SNPC) y Daniela Gallardo (parte del al Pueblo Yag\u00e1n, artesana, educadora tradicional, cultora y tallerista), expresaron diversos conceptos vinculados a la cester\u00eda yag\u00e1n, uno de los tres elementos reconocidos como Patrimonio Cultural Inmaterial en la Regi\u00f3n de Magallanes y Ant\u00e1rtica Chilena e inscrito en el Inventario de Patrimonio Cultural Inmaterial en Chile.<\/p>\n\n\n\n<p>Por su parte, el ling\u00fcista y acad\u00e9mico de la UMAG \u00d3scar Aguilera, comparti\u00f3 parte de sus conocimientos sobre la tradici\u00f3n oral Kaw\u00e9sqar, que se han plasmado en una fruct\u00edfera carrera que ha contribuido al rescate de la lengua de este pueblo ancestral. Finalmente, el arque\u00f3logo Manuel San Rom\u00e1n aport\u00f3 al di\u00e1logo desde su investigaci\u00f3n \u201cHabitar en el archipi\u00e9lago: La cultura a partir de vestigios materiales\u201d y su experiencia en terreno en diversos puntos de la regi\u00f3n.<br><\/p>\n","protected":false},"excerpt":{"rendered":"<p>En el marco de la celebraci\u00f3n del D\u00eda del Libro y el D\u00eda de la Lengua celebrado el pasado viernes 23 de abril, la Vicerrector\u00eda de Vinculaci\u00f3n con el Medio&#8230; <a class=\"read-more\" href=\"https:\/\/www.radiopresidenteibanez.cl\/web\/cesteria-yagan-lengua-kawesqar-y-vestigios-arqueologicos-fueron-abordados-en-conversatorio-patrimonio-bajo-la-cruz-del-sur-estos-otros-libros\/\">Leer m\u00e1s<\/a><\/p>\n","protected":false},"author":2,"featured_media":20602,"comment_status":"closed","ping_status":"closed","sticky":false,"template":"","format":"standard","meta":{"footnotes":""},"categories":[1],"tags":[],"class_list":["post-20601","post","type-post","status-publish","format-standard","has-post-thumbnail","hentry","category-cronica"],"_links":{"self":[{"href":"https:\/\/www.radiopresidenteibanez.cl\/web\/wp-json\/wp\/v2\/posts\/20601","targetHints":{"allow":["GET"]}}],"collection":[{"href":"https:\/\/www.radiopresidenteibanez.cl\/web\/wp-json\/wp\/v2\/posts"}],"about":[{"href":"https:\/\/www.radiopresidenteibanez.cl\/web\/wp-json\/wp\/v2\/types\/post"}],"author":[{"embeddable":true,"href":"https:\/\/www.radiopresidenteibanez.cl\/web\/wp-json\/wp\/v2\/users\/2"}],"replies":[{"embeddable":true,"href":"https:\/\/www.radiopresidenteibanez.cl\/web\/wp-json\/wp\/v2\/comments?post=20601"}],"version-history":[{"count":0,"href":"https:\/\/www.radiopresidenteibanez.cl\/web\/wp-json\/wp\/v2\/posts\/20601\/revisions"}],"wp:featuredmedia":[{"embeddable":true,"href":"https:\/\/www.radiopresidenteibanez.cl\/web\/wp-json\/wp\/v2\/media\/20602"}],"wp:attachment":[{"href":"https:\/\/www.radiopresidenteibanez.cl\/web\/wp-json\/wp\/v2\/media?parent=20601"}],"wp:term":[{"taxonomy":"category","embeddable":true,"href":"https:\/\/www.radiopresidenteibanez.cl\/web\/wp-json\/wp\/v2\/categories?post=20601"},{"taxonomy":"post_tag","embeddable":true,"href":"https:\/\/www.radiopresidenteibanez.cl\/web\/wp-json\/wp\/v2\/tags?post=20601"}],"curies":[{"name":"wp","href":"https:\/\/api.w.org\/{rel}","templated":true}]}}