{"id":2060,"date":"2019-03-09T22:01:08","date_gmt":"2019-03-09T22:01:08","guid":{"rendered":"http:\/\/www.radiopresidenteibanez.cl\/web\/?p=2060"},"modified":"2019-03-09T22:09:35","modified_gmt":"2019-03-09T22:09:35","slug":"municipalidad-conmemoro-dia-internacional-de-la-mujer-con-un-reconocimiento-a-sus-funcionarias-y-actividades-para-sus-vecinas","status":"publish","type":"post","link":"https:\/\/www.radiopresidenteibanez.cl\/web\/municipalidad-conmemoro-dia-internacional-de-la-mujer-con-un-reconocimiento-a-sus-funcionarias-y-actividades-para-sus-vecinas\/","title":{"rendered":"MUNICIPALIDAD CONMEMOR\u00d3 D\u00cdA INTERNACIONAL DE LA MUJER CON UN RECONOCIMIENTO A SUS FUNCIONARIAS Y ACTIVIDADES PARA SUS VECINAS"},"content":{"rendered":"\n<p>M\u00faltiples\nactividades desarroll\u00f3 el Alcalde Fernando Paredes Mansilla para conmemorar a\nlas mujeres de la comuna. Comenz\u00f3 en las dependencias del &nbsp;municipio con un saludo y reconocimiento a\ntodas las funcionarias municipales, las cuales d\u00eda a d\u00eda sustentan a Natales\ncon su labor. <\/p>\n\n\n\n<p>Posteriormente,\nel edil se traslad\u00f3 hasta la cafeter\u00eda \u201cEspacio \u00d1and\u00fa\u201d para agasajar mediante\nun desayuno a las jefas de hogar y a las colaboradoras que cuidan y mantienen\nlas \u00e1reas verdes. Para luego continuar con un reconocimiento a Elga Maldonado,\ndestacada mujer de la Corporaci\u00f3n Municipal de Natales por su gran labor en el\nmantenimiento de la Escuela B\u00e1sica \u201cLibertador Bernardo O&#8217;higgins\u201d.<\/p>\n\n\n\n<p>Para el\nalcalde de la comuna, Fernando Paredes Mansilla, esta vecina de Natales que\ntrabaja hace 19 a\u00f1os en la Escuela E-1, es un ejemplo para la comuna,\ndestacando que \u201cen ella uno debe reconocer que hay mucho sacrificio\u201d agregando\nque \u201cdesde el punto de vista laboral, veo en Elga Maldonado una funcionaria que\nes un sin\u00f3nimo de mucha responsabilidad y que finalmente, es el fiel reflejo de\nc\u00f3mo deber\u00edamos reconocer a una mujer natalina y yo creo que Elga re\u00fane todas\nlas condiciones, re\u00fane todos los m\u00e9ritos para que hoy d\u00eda nuestro Concejo\nMunicipal haya hecho un alto, es por ello que hemos venido a este\nestablecimiento educacional y le hemos entregado un justo reconocimiento\u201d. <\/p>\n\n\n\n<p>La se\u00f1ora Olga\nse mostr\u00f3 muy emocionada con el gesto realizado por el alcalde y se\u00f1al\u00f3 que\nnunca imagin\u00f3 esta sorpresa, pero agradeci\u00f3 el reconocimiento por sus a\u00f1os de\ntrabajo y por sacar a su familia adelante con mucho esfuerzo. Adem\u00e1s envi\u00f3 un\nsaludo a todas las mujeres natalinas para que no se desanimen nunca en su\ncarrera como madre y sigan adelante d\u00eda a d\u00eda. <\/p>\n\n\n\n<p>Por la tarde de este viernes, y\ncomo broche de oro del D\u00eda Internacional de la Mujer, se realiz\u00f3 una once para\ntodas las vecinas que asistieron desde las 15:00 horas al Polideportivo\nMunicipal, las cuales tuvieron la oportunidad de disfrutar del show preparado\npor el doble de Marco Antonio Sol\u00eds y un entretenido karaoke animado por Mario\nVelasco \u201cEl Anfibio\u201d.<\/p>\n\n\n\n<p>\u00a0Para finalizar esta jornada de conmemoraci\u00f3n, la Unidad de Deportes de Natales tiene preparada una Zumbat\u00f3n desde las 19:00 horas a cargo del ex chico Rojo, Pablo Vargas. Acompa\u00f1ado de Bernardita Lomboy, Elizabeth Collinao y la concejala Ver\u00f3nica P\u00e9rez.<\/p>\n\n\n\n<figure class=\"wp-block-image\"><img loading=\"lazy\" decoding=\"async\" width=\"900\" height=\"600\" src=\"http:\/\/www.radiopresidenteibanez.cl\/web\/wp-content\/uploads\/2019\/03\/039A9787.jpg\" alt=\"\" class=\"wp-image-2061\" srcset=\"https:\/\/www.radiopresidenteibanez.cl\/web\/wp-content\/uploads\/2019\/03\/039A9787.jpg 900w, https:\/\/www.radiopresidenteibanez.cl\/web\/wp-content\/uploads\/2019\/03\/039A9787-300x200.jpg 300w, https:\/\/www.radiopresidenteibanez.cl\/web\/wp-content\/uploads\/2019\/03\/039A9787-768x512.jpg 768w\" sizes=\"auto, (max-width: 900px) 100vw, 900px\" \/><\/figure>\n\n\n\n<ul class=\"wp-block-gallery columns-3 is-cropped wp-block-gallery-1 is-layout-flex wp-block-gallery-is-layout-flex\"><li class=\"blocks-gallery-item\"><figure><img loading=\"lazy\" decoding=\"async\" width=\"900\" height=\"600\" src=\"https:\/\/www.radiopresidenteibanez.cl\/web\/wp-content\/uploads\/2019\/03\/039A9797.jpg\" alt=\"\" data-id=\"2064\" data-link=\"https:\/\/www.radiopresidenteibanez.cl\/web\/municipalidad-conmemoro-dia-internacional-de-la-mujer-con-un-reconocimiento-a-sus-funcionarias-y-actividades-para-sus-vecinas\/039a9797\/\" class=\"wp-image-2064\" srcset=\"https:\/\/www.radiopresidenteibanez.cl\/web\/wp-content\/uploads\/2019\/03\/039A9797.jpg 900w, https:\/\/www.radiopresidenteibanez.cl\/web\/wp-content\/uploads\/2019\/03\/039A9797-300x200.jpg 300w, https:\/\/www.radiopresidenteibanez.cl\/web\/wp-content\/uploads\/2019\/03\/039A9797-768x512.jpg 768w\" sizes=\"auto, (max-width: 900px) 100vw, 900px\" \/><\/figure><\/li><li class=\"blocks-gallery-item\"><figure><img loading=\"lazy\" decoding=\"async\" width=\"900\" height=\"600\" src=\"https:\/\/www.radiopresidenteibanez.cl\/web\/wp-content\/uploads\/2019\/03\/039A9805.jpg\" alt=\"\" data-id=\"2065\" data-link=\"https:\/\/www.radiopresidenteibanez.cl\/web\/municipalidad-conmemoro-dia-internacional-de-la-mujer-con-un-reconocimiento-a-sus-funcionarias-y-actividades-para-sus-vecinas\/039a9805\/\" class=\"wp-image-2065\" srcset=\"https:\/\/www.radiopresidenteibanez.cl\/web\/wp-content\/uploads\/2019\/03\/039A9805.jpg 900w, https:\/\/www.radiopresidenteibanez.cl\/web\/wp-content\/uploads\/2019\/03\/039A9805-300x200.jpg 300w, https:\/\/www.radiopresidenteibanez.cl\/web\/wp-content\/uploads\/2019\/03\/039A9805-768x512.jpg 768w\" sizes=\"auto, (max-width: 900px) 100vw, 900px\" \/><\/figure><\/li><li class=\"blocks-gallery-item\"><figure><img loading=\"lazy\" decoding=\"async\" width=\"900\" height=\"600\" src=\"https:\/\/www.radiopresidenteibanez.cl\/web\/wp-content\/uploads\/2019\/03\/039A9807.jpg\" alt=\"\" data-id=\"2066\" data-link=\"https:\/\/www.radiopresidenteibanez.cl\/web\/municipalidad-conmemoro-dia-internacional-de-la-mujer-con-un-reconocimiento-a-sus-funcionarias-y-actividades-para-sus-vecinas\/039a9807\/\" class=\"wp-image-2066\" srcset=\"https:\/\/www.radiopresidenteibanez.cl\/web\/wp-content\/uploads\/2019\/03\/039A9807.jpg 900w, https:\/\/www.radiopresidenteibanez.cl\/web\/wp-content\/uploads\/2019\/03\/039A9807-300x200.jpg 300w, https:\/\/www.radiopresidenteibanez.cl\/web\/wp-content\/uploads\/2019\/03\/039A9807-768x512.jpg 768w\" sizes=\"auto, (max-width: 900px) 100vw, 900px\" \/><\/figure><\/li><\/ul>\n","protected":false},"excerpt":{"rendered":"<p>M\u00faltiples actividades desarroll\u00f3 el Alcalde Fernando Paredes Mansilla para conmemorar a las mujeres de la comuna. Comenz\u00f3 en las dependencias del &nbsp;municipio con un saludo y reconocimiento a todas las&#8230; <a class=\"read-more\" href=\"https:\/\/www.radiopresidenteibanez.cl\/web\/municipalidad-conmemoro-dia-internacional-de-la-mujer-con-un-reconocimiento-a-sus-funcionarias-y-actividades-para-sus-vecinas\/\">Leer m\u00e1s<\/a><\/p>\n","protected":false},"author":2,"featured_media":2061,"comment_status":"closed","ping_status":"closed","sticky":false,"template":"","format":"standard","meta":{"footnotes":""},"categories":[1],"tags":[],"class_list":["post-2060","post","type-post","status-publish","format-standard","has-post-thumbnail","hentry","category-cronica"],"_links":{"self":[{"href":"https:\/\/www.radiopresidenteibanez.cl\/web\/wp-json\/wp\/v2\/posts\/2060","targetHints":{"allow":["GET"]}}],"collection":[{"href":"https:\/\/www.radiopresidenteibanez.cl\/web\/wp-json\/wp\/v2\/posts"}],"about":[{"href":"https:\/\/www.radiopresidenteibanez.cl\/web\/wp-json\/wp\/v2\/types\/post"}],"author":[{"embeddable":true,"href":"https:\/\/www.radiopresidenteibanez.cl\/web\/wp-json\/wp\/v2\/users\/2"}],"replies":[{"embeddable":true,"href":"https:\/\/www.radiopresidenteibanez.cl\/web\/wp-json\/wp\/v2\/comments?post=2060"}],"version-history":[{"count":0,"href":"https:\/\/www.radiopresidenteibanez.cl\/web\/wp-json\/wp\/v2\/posts\/2060\/revisions"}],"wp:featuredmedia":[{"embeddable":true,"href":"https:\/\/www.radiopresidenteibanez.cl\/web\/wp-json\/wp\/v2\/media\/2061"}],"wp:attachment":[{"href":"https:\/\/www.radiopresidenteibanez.cl\/web\/wp-json\/wp\/v2\/media?parent=2060"}],"wp:term":[{"taxonomy":"category","embeddable":true,"href":"https:\/\/www.radiopresidenteibanez.cl\/web\/wp-json\/wp\/v2\/categories?post=2060"},{"taxonomy":"post_tag","embeddable":true,"href":"https:\/\/www.radiopresidenteibanez.cl\/web\/wp-json\/wp\/v2\/tags?post=2060"}],"curies":[{"name":"wp","href":"https:\/\/api.w.org\/{rel}","templated":true}]}}