{"id":20598,"date":"2021-05-10T02:15:00","date_gmt":"2021-05-10T02:15:00","guid":{"rendered":"https:\/\/www.radiopresidenteibanez.cl\/web\/?p=20598"},"modified":"2021-05-09T16:48:35","modified_gmt":"2021-05-09T16:48:35","slug":"programa-con-buena-energia-llego-hasta-las-localidades-mas-aisladas-de-la-provincia-de-ultima-esperanza","status":"publish","type":"post","link":"https:\/\/www.radiopresidenteibanez.cl\/web\/programa-con-buena-energia-llego-hasta-las-localidades-mas-aisladas-de-la-provincia-de-ultima-esperanza\/","title":{"rendered":"PROGRAMA CON BUENA ENERG\u00cdA LLEG\u00d3 HASTA LAS LOCALIDADES M\u00c1S AISLADAS DE LA PROVINCIA DE \u00daLTIMA ESPERANZA"},"content":{"rendered":"\n<p>Hasta Cerro Castillo y Villa Cerro Guido, comuna de Torres del Paine; y Seno Obstrucci\u00f3n, comuna de Natales, lleg\u00f3 el Programa Con Buena Energ\u00eda para ofrecer su did\u00e1ctica capacitaci\u00f3n y entregar a 44 familias, el kit de eficiencia energ\u00e9tica.<\/p>\n\n\n\n<p>Con el apoyo log\u00edstico de los municipios de Natales y de Torres del Paine, el equipo de la Secretar\u00eda Regional Ministerial de Energ\u00eda de Magallanes, cubri\u00f3 tres de las localidades m\u00e1s aisladas de la Provincia de \u00daltima Esperanza para entregar conocimientos \u00fatiles sobre eficiencia energ\u00e9tica y un pr\u00e1ctico kit para el hogar.<\/p>\n\n\n\n<p>\u201cCon ello queremos contribuir a crear conciencia y h\u00e1bitos que nos permitan hacer un uso responsable de los recursos disponibles, de tal manera que esta acci\u00f3n ayude a fomentar y consolidar una fuerte cultura de eficiencia energ\u00e9tica en todos los niveles\u201d, dijo el SEREMI (s) de Energ\u00eda de Magallanes, Carlos Olave Solar, al culminar la gira por esta provincia agregando que \u201cllegar a estos rincones de la regi\u00f3n no es tarea f\u00e1cil, pero m\u00e1s esfuerzo requiere el d\u00eda a d\u00eda, como lo hacen las familias que aqu\u00ed habitan. Es por ello que agradecemos el compromiso y gesti\u00f3n de los municipios de Natales y de Torres del Paine, para con sus habitantes, la eficiencia energ\u00e9tica y el resguardo de nuestro medio ambiente.\u201d<\/p>\n\n\n\n<p>Olave aprovech\u00f3 de explicar que el programa del Ministerio de Energ\u00eda ayudar\u00e1 a reforzar aspectos educativos que contiene la primera Ley de Eficiencia Energ\u00e9tica de Chile, y recientemente promulgada.<\/p>\n\n\n\n<p><strong>BENEFICIARIOS AGRADECIDOS<\/strong><\/p>\n\n\n\n<p>D\u00e1maris Torres, beneficiaria del programa Con Buena Energ\u00eda, agradeci\u00f3 la visita de los profesionales que llevaron hasta Seno Obstrucci\u00f3n la capacitaci\u00f3n y el kit de eficiencia de energ\u00e9tica para el hogar.<\/p>\n\n\n\n<p>\u201cFue una charla muy \u00fatil y necesaria. Aprendimos que ser energ\u00e9ticamente eficientes y adquirir h\u00e1bitos est\u00e1 al alcance de la mano. Basta por ejemplo apagar una luz que no estemos usando, desenchufar un cargador o cerrar una llave de agua, para tener una actitud responsable de uso -y no de abuso- de la energ\u00eda.<\/p>\n\n\n\n<p>\u201dPor ejemplo, reemplazar nuestras ampolletas tradicionales por luces LED, logr\u00f3 exigir menos al motor que nos genera la electricidad; la verdad es que el cambio fue muy notorio\u201d, cont\u00f3 D\u00e1maris Torres.<\/p>\n\n\n\n<p>Por su parte, Jessica Vallejos, residente de Cerro Guido, comuna de Torres del Paine, se\u00f1al\u00f3 que la capacitaci\u00f3n le pareci\u00f3 \u201cbien buena y adecuada a las inquietudes que uno tiene sobre estos temas. Creo que nos sirvi\u00f3 harto porque hay mucha informaci\u00f3n que no conoc\u00edamos y esta charla vino a responderlas. Entre ellas -por nombrar algunas-, nos ense\u00f1\u00f3 la diferencia entre luz c\u00e1lida y luz fr\u00eda o qu\u00e9 es el consumo vampiro\u201d.<\/p>\n","protected":false},"excerpt":{"rendered":"<p>Hasta Cerro Castillo y Villa Cerro Guido, comuna de Torres del Paine; y Seno Obstrucci\u00f3n, comuna de Natales, lleg\u00f3 el Programa Con Buena Energ\u00eda para ofrecer su did\u00e1ctica capacitaci\u00f3n y&#8230; <a class=\"read-more\" href=\"https:\/\/www.radiopresidenteibanez.cl\/web\/programa-con-buena-energia-llego-hasta-las-localidades-mas-aisladas-de-la-provincia-de-ultima-esperanza\/\">Leer m\u00e1s<\/a><\/p>\n","protected":false},"author":2,"featured_media":20599,"comment_status":"closed","ping_status":"closed","sticky":false,"template":"","format":"standard","meta":{"footnotes":""},"categories":[1],"tags":[],"class_list":["post-20598","post","type-post","status-publish","format-standard","has-post-thumbnail","hentry","category-cronica"],"_links":{"self":[{"href":"https:\/\/www.radiopresidenteibanez.cl\/web\/wp-json\/wp\/v2\/posts\/20598","targetHints":{"allow":["GET"]}}],"collection":[{"href":"https:\/\/www.radiopresidenteibanez.cl\/web\/wp-json\/wp\/v2\/posts"}],"about":[{"href":"https:\/\/www.radiopresidenteibanez.cl\/web\/wp-json\/wp\/v2\/types\/post"}],"author":[{"embeddable":true,"href":"https:\/\/www.radiopresidenteibanez.cl\/web\/wp-json\/wp\/v2\/users\/2"}],"replies":[{"embeddable":true,"href":"https:\/\/www.radiopresidenteibanez.cl\/web\/wp-json\/wp\/v2\/comments?post=20598"}],"version-history":[{"count":0,"href":"https:\/\/www.radiopresidenteibanez.cl\/web\/wp-json\/wp\/v2\/posts\/20598\/revisions"}],"wp:featuredmedia":[{"embeddable":true,"href":"https:\/\/www.radiopresidenteibanez.cl\/web\/wp-json\/wp\/v2\/media\/20599"}],"wp:attachment":[{"href":"https:\/\/www.radiopresidenteibanez.cl\/web\/wp-json\/wp\/v2\/media?parent=20598"}],"wp:term":[{"taxonomy":"category","embeddable":true,"href":"https:\/\/www.radiopresidenteibanez.cl\/web\/wp-json\/wp\/v2\/categories?post=20598"},{"taxonomy":"post_tag","embeddable":true,"href":"https:\/\/www.radiopresidenteibanez.cl\/web\/wp-json\/wp\/v2\/tags?post=20598"}],"curies":[{"name":"wp","href":"https:\/\/api.w.org\/{rel}","templated":true}]}}