{"id":20595,"date":"2021-05-09T16:45:21","date_gmt":"2021-05-09T16:45:21","guid":{"rendered":"https:\/\/www.radiopresidenteibanez.cl\/web\/?p=20595"},"modified":"2021-05-09T16:45:26","modified_gmt":"2021-05-09T16:45:26","slug":"aguas-magallanes-inicia-campana-invierno-y-llama-a-proteger-de-las-bajas-temperaturas-las-instalaciones-domiciliarias","status":"publish","type":"post","link":"https:\/\/www.radiopresidenteibanez.cl\/web\/aguas-magallanes-inicia-campana-invierno-y-llama-a-proteger-de-las-bajas-temperaturas-las-instalaciones-domiciliarias\/","title":{"rendered":"AGUAS MAGALLANES INICIA CAMPA\u00d1A INVIERNO Y LLAMA A PROTEGER  DE LAS BAJAS TEMPERATURAS LAS INSTALACIONES DOMICILIARIAS"},"content":{"rendered":"\n<p>Como cada a\u00f1o y antes que el invierno nos sorprenda, Aguas Magallanes alert\u00f3 sobre lo complejo que puede resultar para la continuidad del servicio de agua potable el no contar con las medidas de protecci\u00f3n adecuadas, particularmente en medidores e instalaciones domiciliarias exteriores.<\/p>\n\n\n\n<p>Al respecto, Johanna Reyes Neira, invit\u00f3 a la comunidad a tomar simples, pero efectivas acciones: \u201cHoy, debido a la emergencia sanitaria que nos afecta por Covid-19, es a\u00fan m\u00e1s importante proteger el medidor con un nicho y tapa que en su interior tenga material aislante adecuado, como el plumavit\u201d. La ejecutiva record\u00f3 que desde el medidor hacia adentro del domicilio el cuidado y mantenci\u00f3n de las instalaciones sanitarias son de responsabilidad de cada cliente. Por ello, invit\u00f3 a proteger t\u00e9rmicamente el medidor, ca\u00f1er\u00edas y conexiones expuestas para evitar su congelamiento ante las bajas temperaturas.<\/p>\n\n\n\n<p>Otra importante advertencia es no aplicar agua caliente en forma directa, en caso de congelamiento de las instalaciones, ya que el cambio brusco de temperatura tambi\u00e9n puede generar da\u00f1os. Lo aconsejable es humedecer pa\u00f1os con agua templada y colocarlos sobre la zona congelada.<\/p>\n\n\n\n<p>Algo similar ocurre con las mangueras de riego del jard\u00edn, ya que si \u00e9stas quedan con agua en su interior, se congelan y conducen el fr\u00edo hacia las instalaciones del domicilio, lo que impide el flujo normal del servicio. Para evitar esto, la recomendaci\u00f3n es vaciar las mangueras de agua y desconectarlas de la llave.<\/p>\n\n\n\n<p>En cuanto a las llaves y tuber\u00edas que est\u00e1n en el exterior, es muy frecuente la falta de protecci\u00f3n de \u00e9stas, lo que podr\u00eda ocasionar su congelamiento e impedir un normal funcionamiento de la red interior de agua potable. Por lo anterior, tambi\u00e9n se recomienda instalar elementos aislantes especiales que se encuentran en ferreter\u00edas.<\/p>\n\n\n\n<p>Asimismo, la empresa record\u00f3 que esta informaci\u00f3n se encuentra disponible en la p\u00e1gina web de la empresa&nbsp;<a href=\"http:\/\/www.aguasmagallanes.cl\/\" target=\"_blank\" rel=\"noreferrer noopener\">www.aguasmagallanes.cl<\/a>. Para consultas tambi\u00e9n se puede llamar al fono de atenci\u00f3n a clientes 61 2 280028, que atiende las 24 horas, todos los d\u00edas de la semana.<\/p>\n","protected":false},"excerpt":{"rendered":"<p>Como cada a\u00f1o y antes que el invierno nos sorprenda, Aguas Magallanes alert\u00f3 sobre lo complejo que puede resultar para la continuidad del servicio de agua potable el no contar&#8230; <a class=\"read-more\" href=\"https:\/\/www.radiopresidenteibanez.cl\/web\/aguas-magallanes-inicia-campana-invierno-y-llama-a-proteger-de-las-bajas-temperaturas-las-instalaciones-domiciliarias\/\">Leer m\u00e1s<\/a><\/p>\n","protected":false},"author":2,"featured_media":20596,"comment_status":"closed","ping_status":"closed","sticky":false,"template":"","format":"standard","meta":{"footnotes":""},"categories":[1],"tags":[],"class_list":["post-20595","post","type-post","status-publish","format-standard","has-post-thumbnail","hentry","category-cronica"],"_links":{"self":[{"href":"https:\/\/www.radiopresidenteibanez.cl\/web\/wp-json\/wp\/v2\/posts\/20595","targetHints":{"allow":["GET"]}}],"collection":[{"href":"https:\/\/www.radiopresidenteibanez.cl\/web\/wp-json\/wp\/v2\/posts"}],"about":[{"href":"https:\/\/www.radiopresidenteibanez.cl\/web\/wp-json\/wp\/v2\/types\/post"}],"author":[{"embeddable":true,"href":"https:\/\/www.radiopresidenteibanez.cl\/web\/wp-json\/wp\/v2\/users\/2"}],"replies":[{"embeddable":true,"href":"https:\/\/www.radiopresidenteibanez.cl\/web\/wp-json\/wp\/v2\/comments?post=20595"}],"version-history":[{"count":0,"href":"https:\/\/www.radiopresidenteibanez.cl\/web\/wp-json\/wp\/v2\/posts\/20595\/revisions"}],"wp:featuredmedia":[{"embeddable":true,"href":"https:\/\/www.radiopresidenteibanez.cl\/web\/wp-json\/wp\/v2\/media\/20596"}],"wp:attachment":[{"href":"https:\/\/www.radiopresidenteibanez.cl\/web\/wp-json\/wp\/v2\/media?parent=20595"}],"wp:term":[{"taxonomy":"category","embeddable":true,"href":"https:\/\/www.radiopresidenteibanez.cl\/web\/wp-json\/wp\/v2\/categories?post=20595"},{"taxonomy":"post_tag","embeddable":true,"href":"https:\/\/www.radiopresidenteibanez.cl\/web\/wp-json\/wp\/v2\/tags?post=20595"}],"curies":[{"name":"wp","href":"https:\/\/api.w.org\/{rel}","templated":true}]}}