{"id":20589,"date":"2021-05-10T02:00:00","date_gmt":"2021-05-10T02:00:00","guid":{"rendered":"https:\/\/www.radiopresidenteibanez.cl\/web\/?p=20589"},"modified":"2021-05-09T16:41:47","modified_gmt":"2021-05-09T16:41:47","slug":"gobierno-llama-a-votantes-de-pueblos-originarios-a-tener-maxima-participacion-en-eleccion-de-constituyentes","status":"publish","type":"post","link":"https:\/\/www.radiopresidenteibanez.cl\/web\/gobierno-llama-a-votantes-de-pueblos-originarios-a-tener-maxima-participacion-en-eleccion-de-constituyentes\/","title":{"rendered":"GOBIERNO LLAMA A VOTANTES DE PUEBLOS ORIGINARIOS A TENER M\u00c1XIMA PARTICIPACI\u00d3N EN ELECCI\u00d3N DE CONSTITUYENTES"},"content":{"rendered":"\n<p>Hasta el frontis del Servel llegaron ayer la ministra de Desarrollo Social y Familia, Karla Rubilar, junto al ministro de la Secretar\u00eda General de la Presidencia, Juan Jos\u00e9 Osssa, el presidente del Consejo Directivo del Servel, Andr\u00e9s Tagle, el director de CONADI, Ignacio Malig y la asesora especial para asuntos ind\u00edgenas, Ana Millanao para invitar a los votantes de Pueblos Originarios a hacerse presente en estas elecciones que se llevar\u00e1n a cabo este 15 y 16 de mayo.<\/p>\n\n\n\n<p>En el pa\u00eds hay m\u00e1s de 1 mill\u00f3n 200 mil personas que est\u00e1n habilitadas para elegir a quienes ocupar\u00e1n uno de los 17 esca\u00f1os reservados que tendr\u00e1n los 10 pueblos ind\u00edgenas reconocidos para participas del proceso de redacci\u00f3n de la nueva Constituci\u00f3n.<\/p>\n\n\n\n<p>En ese sentido, la ministra de Desarrollo Social y Familia, Karla Rubilar, recalc\u00f3 la importancia de este hito hist\u00f3rico que va a permitir que \u201ceste proceso constituyente se escriba con letra ind\u00edgena. Esto es un hecho que debe tener la m\u00e1xima participaci\u00f3n posible, porque, sin lugar a dudas, la Constituci\u00f3n la vamos a escribir entre todos, la Ley Madre deb\u00eda construirse, escribirse con la letra de los pueblos originarios\u201d.<\/p>\n\n\n\n<p>La autoridad, insisti\u00f3 en la importancia de cada votante que tenga calidad ind\u00edgena \u201celija su voto verde este 15 y 16 de mayo para que efectivamente elija quien lo va a representar escribiendo la nueva Constituci\u00f3n. Para nosotros es muy relevante que este hito marque una nueva relaci\u00f3n del Estado con sus pueblos originarios, nos queda mucho por avanzar, mucho por hacer, pero sin lugar a dudas esto va a cambiar la relaci\u00f3n del Estado con los Pueblos Originarios\u201d.<\/p>\n\n\n\n<p>Para votar por un candidato que postula a esca\u00f1os reservados, el elector debe tener calidad ind\u00edgena acreditada ante Conadi o haber presentado declaraci\u00f3n jurada identific\u00e1ndose con un Pueblo Originario ante el SERVEL.<\/p>\n\n\n\n<p>En ese sentido, Andr\u00e9s Tagle de Servel, aclar\u00f3 que \u201cs\u00f3lo los electores que tienen la calidad ind\u00edgena pueden solicitar en la mesa el voto ind\u00edgena del pueblo correspondiente. La ley no contempla en ning\u00fan caso la posibilidad de autoidentificarse en la mesa, por lo que los vocales no podr\u00e1n entregar votos ind\u00edgenas a ninguna persona que no est\u00e9 en el padr\u00f3n como tal. El n\u00famero de votos disponibles en cada mesa para cada pueblo es limitado de acuerdo con los que tienen derecho\u201d.<\/p>\n\n\n\n<p>En este hist\u00f3rico proceso eleccionario, se presentar\u00e1n 95 candidatos de los 10 pueblos originarios, quienes ver\u00e1n repartidos los esca\u00f1os de la siguiente forma: 7 cupos para el pueblo mapuche, 2 para el pueblo Aymara, 1 para los Rapa Nui, 1 para el pueblo Quechua, 1 para el pueblo Atacame\u00f1o, 1 para los Diaguita, 1 para el pueblo Colla, 1 para los Kawashkar, 1 para los Yag\u00e1n y 1 para el pueblo Chango.<\/p>\n\n\n\n<p>Al respecto, el director de la Conadi, Ignacio Malig, resalt\u00f3 \u201cla importancia de lo que, a nuestro juicio, constituye el hito de participaci\u00f3n pol\u00edtica efectiva para los pueblos ind\u00edgenas, m\u00e1s grande en la historia de Chile. Esta nueva Constituci\u00f3n tal como se\u00f1alaba la Ministra Rubilar que se escribir\u00e1 con letra ind\u00edgena, es un imperativo \u00e9tico que ten\u00edamos c\u00f3mo Gobierno y c\u00f3mo Estado en la relaci\u00f3n con los Pueblos Originarios. Es por eso que para el fin de semana de la elecci\u00f3n, para el s\u00e1bado y domingo a las personas que pertenecen a uno de los 10 pueblos ind\u00edgenas reconocidos en la Ley, la invitaci\u00f3n es que pidan su voto verde y voten ind\u00edgena\u201d.<\/p>\n\n\n\n<p>Por su parte, la asesora especial de Asuntos Ind\u00edgenas, Ana Millanao, se\u00f1al\u00f3 que \u201ccomo parte del pueblo mapuche quiero destacar este momento hist\u00f3rico, porque la nueva Constituci\u00f3n plasmar\u00e1 sentidas demandas de los pueblos ind\u00edgenas, a trav\u00e9s de su participaci\u00f3n y representaci\u00f3n\u201d.<\/p>\n\n\n\n<p>La regi\u00f3n que concentra la mayor cantidad de personas identificadas con pueblos ind\u00edgenas es la Metropolitana, con 302.796 electores. Le sigue La Araucan\u00eda (265.468) y luego Los Lagos (177.308)<\/p>\n\n\n\n<p>El d\u00eda de la elecci\u00f3n o antes, el elector podr\u00e1&nbsp;ingresar con su n\u00famero de RUT a&nbsp;<a href=\"https:\/\/consulta.servel.cl\/\" target=\"_blank\" rel=\"noreferrer noopener\">https:\/\/consulta.servel.cl\/<\/a>&nbsp;para saber si se encuentra habilitado para votar por esca\u00f1os reservados. En la \u00faltima fila de datos electorales figura si corresponde que vote por alg\u00fan pueblo ind\u00edgena.<\/p>\n\n\n\n<p><strong>Elecciones en 2 d\u00edas<\/strong><\/p>\n\n\n\n<p>En la actividad, el ministro de la Secretar\u00eda General de la Presidencia, Juan Jos\u00e9 Ossa, se refiri\u00f3 a la votaci\u00f3n que tendr\u00e1 cuatro papeletas de sufragio, ya que adem\u00e1s de votar por los representantes comunales, por primera vez se podr\u00e1 elegir gobernadores regionales y a los representantes de la Convenci\u00f3n Constitucional.<\/p>\n\n\n\n<p>Asimismo, el ministro Ossa explic\u00f3 c\u00f3mo se llevar\u00e1 que a cabo el proceso, \u201cel pr\u00f3ximo s\u00e1bado y el pr\u00f3ximo domingo, se va a realizar este acto eleccionario en dos d\u00edas. Eso significa que las personas van a ir a votar una sola vez y eligen si van el d\u00eda s\u00e1bado o van el d\u00eda domingo. Invitamos a los mayores de 60 a\u00f1os, las mujeres embarazadas, las personas con alguna discapacidad, que requieren asistencia en el voto, a asistir de preferencia el d\u00eda s\u00e1bado entre las 2 y las 6 de la tarde\u201d.<br><\/p>\n","protected":false},"excerpt":{"rendered":"<p>Hasta el frontis del Servel llegaron ayer la ministra de Desarrollo Social y Familia, Karla Rubilar, junto al ministro de la Secretar\u00eda General de la Presidencia, Juan Jos\u00e9 Osssa, el&#8230; <a class=\"read-more\" href=\"https:\/\/www.radiopresidenteibanez.cl\/web\/gobierno-llama-a-votantes-de-pueblos-originarios-a-tener-maxima-participacion-en-eleccion-de-constituyentes\/\">Leer m\u00e1s<\/a><\/p>\n","protected":false},"author":2,"featured_media":20590,"comment_status":"closed","ping_status":"closed","sticky":false,"template":"","format":"standard","meta":{"footnotes":""},"categories":[1],"tags":[],"class_list":["post-20589","post","type-post","status-publish","format-standard","has-post-thumbnail","hentry","category-cronica"],"_links":{"self":[{"href":"https:\/\/www.radiopresidenteibanez.cl\/web\/wp-json\/wp\/v2\/posts\/20589","targetHints":{"allow":["GET"]}}],"collection":[{"href":"https:\/\/www.radiopresidenteibanez.cl\/web\/wp-json\/wp\/v2\/posts"}],"about":[{"href":"https:\/\/www.radiopresidenteibanez.cl\/web\/wp-json\/wp\/v2\/types\/post"}],"author":[{"embeddable":true,"href":"https:\/\/www.radiopresidenteibanez.cl\/web\/wp-json\/wp\/v2\/users\/2"}],"replies":[{"embeddable":true,"href":"https:\/\/www.radiopresidenteibanez.cl\/web\/wp-json\/wp\/v2\/comments?post=20589"}],"version-history":[{"count":0,"href":"https:\/\/www.radiopresidenteibanez.cl\/web\/wp-json\/wp\/v2\/posts\/20589\/revisions"}],"wp:featuredmedia":[{"embeddable":true,"href":"https:\/\/www.radiopresidenteibanez.cl\/web\/wp-json\/wp\/v2\/media\/20590"}],"wp:attachment":[{"href":"https:\/\/www.radiopresidenteibanez.cl\/web\/wp-json\/wp\/v2\/media?parent=20589"}],"wp:term":[{"taxonomy":"category","embeddable":true,"href":"https:\/\/www.radiopresidenteibanez.cl\/web\/wp-json\/wp\/v2\/categories?post=20589"},{"taxonomy":"post_tag","embeddable":true,"href":"https:\/\/www.radiopresidenteibanez.cl\/web\/wp-json\/wp\/v2\/tags?post=20589"}],"curies":[{"name":"wp","href":"https:\/\/api.w.org\/{rel}","templated":true}]}}