{"id":20582,"date":"2021-05-08T00:21:20","date_gmt":"2021-05-08T00:21:20","guid":{"rendered":"https:\/\/www.radiopresidenteibanez.cl\/web\/?p=20582"},"modified":"2021-05-08T00:21:25","modified_gmt":"2021-05-08T00:21:25","slug":"autoridades-realizan-fiscalizacion-y-anuncian-aumento-de-controles","status":"publish","type":"post","link":"https:\/\/www.radiopresidenteibanez.cl\/web\/autoridades-realizan-fiscalizacion-y-anuncian-aumento-de-controles\/","title":{"rendered":"AUTORIDADES REALIZAN FISCALIZACI\u00d3N Y ANUNCIAN AUMENTO DE CONTROLES"},"content":{"rendered":"\n<p>Tres accidentes con v\u00edctimas\nfatales, son las tristes cifras que alcanz\u00f3 Magallanes, debido a la conducci\u00f3n\nen estado de ebriedad o bajo la influencia del alcohol, especialmente durante\nel horario de toque de queda. Es por esto, que la gobernaci\u00f3n provincial de\nMagallanes, convoc\u00f3 a una fiscalizaci\u00f3n multisectorial, realizada hoy en el\nsector Costanera, donde se entreg\u00f3 informaci\u00f3n de conducci\u00f3n segura y auto\ncuidado durante la pandemia. <\/p>\n\n\n\n<p>El gobernador provincial de\nMagallanes, Alejandro V\u00e1squez Servieri, explic\u00f3: \u201cestamos realizando estas\nacciones, como una manera de poner en alerta a los conductores, para que tomen\nel conducir con responsabilidad, especialmente en esta \u00e9poca, donde el \u00edndice\nde accidentes ha sido alto, no s\u00f3lo de alcohol, sino tambi\u00e9n del consumo de\ndrogas\u201d.<\/p>\n\n\n\n<p>La intendenta regional, Jennifer\nRojas Garc\u00eda, subray\u00f3: \u201cs\u00f3lo en la \u00faltima semana hubo 5 detenidos producto de\nla conducci\u00f3n en estado de ebriedad o bajo la influencia del alcohol. Tenemos\nque recordar, que estamos en una situaci\u00f3n sanitaria compleja, estamos en\npandemia y ma\u00f1ana ingresamos nuevamente a fase 1, el llamado a todos los\nmagall\u00e1nicos es a la responsabilidad\u201d.<\/p>\n\n\n\n<p>Uno de los temas que tambi\u00e9n\npreocupa a las autoridades locales, es el uso de las camas en el hospital, ya\nque, debido a los accidentes de tr\u00e1nsito, no se pueden sumar al stock de camas\ncr\u00edticas en la regi\u00f3n. \u201cHoy la capacidad del Hospital Cl\u00ednico est\u00e1 casi al\nl\u00edmite producto de la pandemia, pero tambi\u00e9n, producto de irresponsabilidades,\nde accidentes que son completamente prevenibles y que a la larga, sobrecarga\na\u00fan m\u00e1s al personal de salud, que lleva m\u00e1s de un a\u00f1o trabajando con todo el\ncoraz\u00f3n en la pandemia\u201d, enfatiz\u00f3 la intendenta Rojas. <\/p>\n\n\n\n<p>El operativo se realiz\u00f3 en\nconjunto con Senda y Carabineros de Chile. Al respecto, la directora regional\nde Senda, Lorena Guala Vivar, enfatiz\u00f3 en que los controles van a continuar,\n\u201ca\u00fan en cuarentena\u201d e hizo un llamado a la familia, a los padres, a replicar el\nmensaje preventivo a sus hijos,&nbsp; ya que\nlos \u00faltimos accidentes ocurridos han sido protagonizados por gente joven. Lo\ncual concuerda con lo comentado por el Teniente Coronel Alejandro Lep\u00edn San\nMart\u00edn, quien manifest\u00f3 que el objetivo es \u201cprevenir y concientizar a las\npersonas, que deben conducir respetando la Ley de Tr\u00e1nsito, sin ingerir bebidas\nalcoh\u00f3licas y de esta forma evitar accidentes, donde los resultados que tienen\nalgunos de \u00e9stos, pueden ser fatales, como los tres recientes accidentes en que\ntres personas perdieron la vida\u201d.<\/p>\n\n\n\n<p>Por su parte la Seremi de\nGobierno (s) y Hacienda, Lil Garc\u00e9s Eyraud, reforz\u00f3 la importancia del trabajo\ncoordinado de las instituciones, manifestando que \u201cEste es un trabajo\ncolaborativo entre Carabineros, Senda, la gobernaci\u00f3n, y todos los organismos\np\u00fablicos involucrados, realizando este operativo preventivo para orientar a la\ncomunidad en una conducci\u00f3n segura, y a no ingerir alcohol cuando vamos a\nconducir. Cuidando de no conducir durante el toque de queda. El llamado es a\nuna conducta responsable\u201d. <\/p>\n\n\n\n<p>Al finalizar el gobernador\nV\u00e1squez, declar\u00f3 la importancia del esfuerzo que cada uno de los miembros de la\ncomunidad realiza para vencer la pandemia, \u201csabemos que han sido meses muy\ndif\u00edciles para todos, pero tenemos que continuar combatiendo esta Pandemia y no\npodemos bajar los brazos, no respetando medidas como las cuarentenas o el toque\nde queda, las que son muy complicadas para todos, pero que se realizan para\nsalvaguardar la vida de las personas y reducir la cadena de contagios\u201d.<\/p>\n","protected":false},"excerpt":{"rendered":"<p>Tres accidentes con v\u00edctimas fatales, son las tristes cifras que alcanz\u00f3 Magallanes, debido a la conducci\u00f3n en estado de ebriedad o bajo la influencia del alcohol, especialmente durante el horario&#8230; <a class=\"read-more\" href=\"https:\/\/www.radiopresidenteibanez.cl\/web\/autoridades-realizan-fiscalizacion-y-anuncian-aumento-de-controles\/\">Leer m\u00e1s<\/a><\/p>\n","protected":false},"author":2,"featured_media":20583,"comment_status":"closed","ping_status":"closed","sticky":false,"template":"","format":"standard","meta":{"footnotes":""},"categories":[1],"tags":[],"class_list":["post-20582","post","type-post","status-publish","format-standard","has-post-thumbnail","hentry","category-cronica"],"_links":{"self":[{"href":"https:\/\/www.radiopresidenteibanez.cl\/web\/wp-json\/wp\/v2\/posts\/20582","targetHints":{"allow":["GET"]}}],"collection":[{"href":"https:\/\/www.radiopresidenteibanez.cl\/web\/wp-json\/wp\/v2\/posts"}],"about":[{"href":"https:\/\/www.radiopresidenteibanez.cl\/web\/wp-json\/wp\/v2\/types\/post"}],"author":[{"embeddable":true,"href":"https:\/\/www.radiopresidenteibanez.cl\/web\/wp-json\/wp\/v2\/users\/2"}],"replies":[{"embeddable":true,"href":"https:\/\/www.radiopresidenteibanez.cl\/web\/wp-json\/wp\/v2\/comments?post=20582"}],"version-history":[{"count":0,"href":"https:\/\/www.radiopresidenteibanez.cl\/web\/wp-json\/wp\/v2\/posts\/20582\/revisions"}],"wp:featuredmedia":[{"embeddable":true,"href":"https:\/\/www.radiopresidenteibanez.cl\/web\/wp-json\/wp\/v2\/media\/20583"}],"wp:attachment":[{"href":"https:\/\/www.radiopresidenteibanez.cl\/web\/wp-json\/wp\/v2\/media?parent=20582"}],"wp:term":[{"taxonomy":"category","embeddable":true,"href":"https:\/\/www.radiopresidenteibanez.cl\/web\/wp-json\/wp\/v2\/categories?post=20582"},{"taxonomy":"post_tag","embeddable":true,"href":"https:\/\/www.radiopresidenteibanez.cl\/web\/wp-json\/wp\/v2\/tags?post=20582"}],"curies":[{"name":"wp","href":"https:\/\/api.w.org\/{rel}","templated":true}]}}