{"id":20579,"date":"2021-05-08T00:19:59","date_gmt":"2021-05-08T00:19:59","guid":{"rendered":"https:\/\/www.radiopresidenteibanez.cl\/web\/?p=20579"},"modified":"2021-05-08T00:20:07","modified_gmt":"2021-05-08T00:20:07","slug":"seremi-de-gobierno-invita-a-dirigentes-sociales-a-participar-en-curso-e-learning-herramientas-basicas-para-el-liderazgo-social-2","status":"publish","type":"post","link":"https:\/\/www.radiopresidenteibanez.cl\/web\/seremi-de-gobierno-invita-a-dirigentes-sociales-a-participar-en-curso-e-learning-herramientas-basicas-para-el-liderazgo-social-2\/","title":{"rendered":"SEREMI DE GOBIERNO INVITA A DIRIGENTES SOCIALES A PARTICIPAR EN CURSO E-LEARNING \u201cHERRAMIENTAS B\u00c1SICAS PARA EL LIDERAZGO SOCIAL\u201d"},"content":{"rendered":"\n<p>Conocer y comprender las herramientas de comunicaci\u00f3n\nefectiva y formulaci\u00f3n de proyectos son parte de los objetivos que tiene el\ncurso e-learning gratuito denominado \u00abHerramientas B\u00e1sicas Para El\nLiderazgo Social\u00bb, que impartir\u00e1 el ministerio Secretar\u00eda General de Gobierno.\n<\/p>\n\n\n\n<p>La cuarta versi\u00f3n de este curso, que se ejecutar\u00e1 en la\nmodalidad a distancia durante tres meses, es una tremenda herramienta para que\ndirigentes sociales adquieran mayores conocimientos sobre el sistema pol\u00edtico\nchileno, sus instituciones, el rol que cumplen los principales actores\npol\u00edticos y profundicen su conocimiento acerca de los \u00faltimos procesos\npol\u00edticos, sociales, e institucionales que ha vivido Chile.<\/p>\n\n\n\n<p>La seremi de Gobierno, Alejandra Mu\u00f1oz, explic\u00f3 que \u201c\u00e9sta es\nuna tremenda instancia de aprendizaje para que la ciudadan\u00eda comprenda el\nfuncionamiento del Estado y pueda ejercer de la mejor manera posible el nuevo\nprotagonismo que ha ido adquiriendo en los \u00faltimos a\u00f1os. A trav\u00e9s de este curso\nbuscamos entregar m\u00e1s posibilidades para que la sociedad civil en su conjunto\ntenga las herramientas necesarias para liderar, organizarse y conseguir los\nfines que se han propuesto con sus organizaciones sociales, sobre todo, en esta\nsituaci\u00f3n de Pandemia en la que nos encontramos hace m\u00e1s de un a\u00f1o\u201d.<\/p>\n\n\n\n<p>Adem\u00e1s, la vocera del Gobierno Regional a\u00f1adi\u00f3 que \u201cestamos\norgullosos y contentos de que este curso se vuelva a desarrollar gracias al\nMinisterio Secretar\u00eda General de Gobierno, por lo que el llamado es a los\ndirigentes sociales que no han participado, a que se inscriban y fortalezcan su\nrol a trav\u00e9s del contenido que entrega este curso cuyo fin es poder mejorar la\ngesti\u00f3n de quienes tienen la responsabilidad de liderar una organizaci\u00f3n\u201d.<\/p>\n\n\n\n<p><strong>Plazo de postulaci\u00f3n<\/strong><\/p>\n\n\n\n<p>Algunos de los temas que abordar\u00e1n en el curso son: Sistema\nPol\u00edtico; Habilidades y T\u00e9cnicas Comunicacionales; y Participaci\u00f3n Ciudadana e\nInstitucionalidad P\u00fablica.<\/p>\n\n\n\n<p>Las personas interesadas pueden inscribirse hasta el 14 de\nmayo en <a href=\"mailto:mecapacito@msgg.gob.cl\">mecapacito@msgg.gob.cl<\/a>, ya\nque el inicio del curso est\u00e1 programado para el 17 de mayo.<\/p>\n","protected":false},"excerpt":{"rendered":"<p>Conocer y comprender las herramientas de comunicaci\u00f3n efectiva y formulaci\u00f3n de proyectos son parte de los objetivos que tiene el curso e-learning gratuito denominado \u00abHerramientas B\u00e1sicas Para El Liderazgo Social\u00bb,&#8230; <a class=\"read-more\" href=\"https:\/\/www.radiopresidenteibanez.cl\/web\/seremi-de-gobierno-invita-a-dirigentes-sociales-a-participar-en-curso-e-learning-herramientas-basicas-para-el-liderazgo-social-2\/\">Leer m\u00e1s<\/a><\/p>\n","protected":false},"author":2,"featured_media":20580,"comment_status":"closed","ping_status":"closed","sticky":false,"template":"","format":"standard","meta":{"footnotes":""},"categories":[1],"tags":[],"class_list":["post-20579","post","type-post","status-publish","format-standard","has-post-thumbnail","hentry","category-cronica"],"_links":{"self":[{"href":"https:\/\/www.radiopresidenteibanez.cl\/web\/wp-json\/wp\/v2\/posts\/20579","targetHints":{"allow":["GET"]}}],"collection":[{"href":"https:\/\/www.radiopresidenteibanez.cl\/web\/wp-json\/wp\/v2\/posts"}],"about":[{"href":"https:\/\/www.radiopresidenteibanez.cl\/web\/wp-json\/wp\/v2\/types\/post"}],"author":[{"embeddable":true,"href":"https:\/\/www.radiopresidenteibanez.cl\/web\/wp-json\/wp\/v2\/users\/2"}],"replies":[{"embeddable":true,"href":"https:\/\/www.radiopresidenteibanez.cl\/web\/wp-json\/wp\/v2\/comments?post=20579"}],"version-history":[{"count":0,"href":"https:\/\/www.radiopresidenteibanez.cl\/web\/wp-json\/wp\/v2\/posts\/20579\/revisions"}],"wp:featuredmedia":[{"embeddable":true,"href":"https:\/\/www.radiopresidenteibanez.cl\/web\/wp-json\/wp\/v2\/media\/20580"}],"wp:attachment":[{"href":"https:\/\/www.radiopresidenteibanez.cl\/web\/wp-json\/wp\/v2\/media?parent=20579"}],"wp:term":[{"taxonomy":"category","embeddable":true,"href":"https:\/\/www.radiopresidenteibanez.cl\/web\/wp-json\/wp\/v2\/categories?post=20579"},{"taxonomy":"post_tag","embeddable":true,"href":"https:\/\/www.radiopresidenteibanez.cl\/web\/wp-json\/wp\/v2\/tags?post=20579"}],"curies":[{"name":"wp","href":"https:\/\/api.w.org\/{rel}","templated":true}]}}