{"id":20577,"date":"2021-05-08T00:18:07","date_gmt":"2021-05-08T00:18:07","guid":{"rendered":"https:\/\/www.radiopresidenteibanez.cl\/web\/?p=20577"},"modified":"2021-05-08T00:18:13","modified_gmt":"2021-05-08T00:18:13","slug":"diputada-amar-destaca-que-tras-largo-camino-legislativo-la-camara-despachara-a-ley-proyecto-que-moderniza-la-onemi","status":"publish","type":"post","link":"https:\/\/www.radiopresidenteibanez.cl\/web\/diputada-amar-destaca-que-tras-largo-camino-legislativo-la-camara-despachara-a-ley-proyecto-que-moderniza-la-onemi\/","title":{"rendered":"DIPUTADA AMAR DESTACA QUE TRAS LARGO CAMINO LEGISLATIVO LA C\u00c1MARA DESPACHARA A LEY PROYECTO QUE MODERNIZA LA ONEMI"},"content":{"rendered":"\n<p>La Diputada Sandra\nAmar, destac\u00f3 la aprobaci\u00f3n del proyecto que moderniza la ONEMI, instituci\u00f3n\nque ahora pasa a llamarse \u201cSistema Nacional de Prevenci\u00f3n y Respuesta ante\nDesastres\u201d, esto tras 10 a\u00f1os de tramitaci\u00f3n legislativa y ahora la iniciativa\nqued\u00f3 en condiciones de ser promulgada ley de la Rep\u00fablica.<\/p>\n\n\n\n<p>\u201cAc\u00e1 se trata de\nreaccionar a tiempo y no de manera tard\u00eda, como ocurri\u00f3 en el 27F donde tuvimos\nque lamentar muchas v\u00edctimas, producto de un sistema que no funcionaba a\ncabalidad. Esperamos que con este nuevo organismo podamos responder de forma\noportuna ante cualquier situaci\u00f3n grave\u201d afirm\u00f3 la parlamentaria.<\/p>\n\n\n\n<p>Este nuevo servicio\nestar\u00e1 regido por un Comit\u00e9 Nacional de Gesti\u00f3n del Riesgo de Desastres, el\ncual estar\u00e1 compuesto por nuevos miembros permanentes y representantes de los\nministerios de Educaci\u00f3n, Medio Ambiente, Agricultura, General Director de\nCarabineros, Presidente de la Junta Nacional del Cuerpo de Bomberos de Chile, y\nel Director General de la PDI.<\/p>\n\n\n\n<p>Adem\u00e1s, la legisladora\npor Magallanes enfatiz\u00f3 que \u201cera muy necesario un cambio en el sistema de gesti\u00f3n\nde emergencias, porque llevaba m\u00e1s de 40 a\u00f1os sin reformas que significaran un\ncambio en la manera de actuar y con esto buscamos que se actualice la institucionalidad\u00bb.<\/p>\n\n\n\n<p>A eso agreg\u00f3 que \u201chay\nconsenso en que el camino propuesto es el correcto, en el sentido de cambiar el\nenfoque de la instituci\u00f3n, pasando de un enfoque reactivo frente a las\nemergencias, a uno de prevenci\u00f3n y respuesta. En esta l\u00ednea, se modifica por\ncompleto la instituci\u00f3n, adecu\u00e1ndola a est\u00e1ndares internacionales, medidas que\nsin duda brindan mayores garant\u00edas de una respuesta adecuada frente a\nemergencias y desastres naturales\u201d.\n\nPor esta raz\u00f3n, finaliz\u00f3 la\ndiputada Sandra Amar, \u201cestamos frente a una ley que cumple con las exigencias\nante un desastre natural, con el fin \u00faltimo de reaccionar a tiempo y que no\ntengamos que lamentar la p\u00e9rdida de familiares o seres queridos ante alguna\nemergencia\u201d.\n\n\n\n<\/p>\n","protected":false},"excerpt":{"rendered":"<p>La Diputada Sandra Amar, destac\u00f3 la aprobaci\u00f3n del proyecto que moderniza la ONEMI, instituci\u00f3n que ahora pasa a llamarse \u201cSistema Nacional de Prevenci\u00f3n y Respuesta ante Desastres\u201d, esto tras 10&#8230; <a class=\"read-more\" href=\"https:\/\/www.radiopresidenteibanez.cl\/web\/diputada-amar-destaca-que-tras-largo-camino-legislativo-la-camara-despachara-a-ley-proyecto-que-moderniza-la-onemi\/\">Leer m\u00e1s<\/a><\/p>\n","protected":false},"author":2,"featured_media":12256,"comment_status":"closed","ping_status":"closed","sticky":false,"template":"","format":"standard","meta":{"footnotes":""},"categories":[1],"tags":[],"class_list":["post-20577","post","type-post","status-publish","format-standard","has-post-thumbnail","hentry","category-cronica"],"_links":{"self":[{"href":"https:\/\/www.radiopresidenteibanez.cl\/web\/wp-json\/wp\/v2\/posts\/20577","targetHints":{"allow":["GET"]}}],"collection":[{"href":"https:\/\/www.radiopresidenteibanez.cl\/web\/wp-json\/wp\/v2\/posts"}],"about":[{"href":"https:\/\/www.radiopresidenteibanez.cl\/web\/wp-json\/wp\/v2\/types\/post"}],"author":[{"embeddable":true,"href":"https:\/\/www.radiopresidenteibanez.cl\/web\/wp-json\/wp\/v2\/users\/2"}],"replies":[{"embeddable":true,"href":"https:\/\/www.radiopresidenteibanez.cl\/web\/wp-json\/wp\/v2\/comments?post=20577"}],"version-history":[{"count":0,"href":"https:\/\/www.radiopresidenteibanez.cl\/web\/wp-json\/wp\/v2\/posts\/20577\/revisions"}],"wp:featuredmedia":[{"embeddable":true,"href":"https:\/\/www.radiopresidenteibanez.cl\/web\/wp-json\/wp\/v2\/media\/12256"}],"wp:attachment":[{"href":"https:\/\/www.radiopresidenteibanez.cl\/web\/wp-json\/wp\/v2\/media?parent=20577"}],"wp:term":[{"taxonomy":"category","embeddable":true,"href":"https:\/\/www.radiopresidenteibanez.cl\/web\/wp-json\/wp\/v2\/categories?post=20577"},{"taxonomy":"post_tag","embeddable":true,"href":"https:\/\/www.radiopresidenteibanez.cl\/web\/wp-json\/wp\/v2\/tags?post=20577"}],"curies":[{"name":"wp","href":"https:\/\/api.w.org\/{rel}","templated":true}]}}