{"id":20574,"date":"2021-05-08T00:17:00","date_gmt":"2021-05-08T00:17:00","guid":{"rendered":"https:\/\/www.radiopresidenteibanez.cl\/web\/?p=20574"},"modified":"2021-05-08T00:17:10","modified_gmt":"2021-05-08T00:17:10","slug":"serviu-informa-cierre-de-calzada-en-interseccion-de-calle-capitan-guillermos-con-avenida-circunvalacion-por-reposicion-de-pavimentos","status":"publish","type":"post","link":"https:\/\/www.radiopresidenteibanez.cl\/web\/serviu-informa-cierre-de-calzada-en-interseccion-de-calle-capitan-guillermos-con-avenida-circunvalacion-por-reposicion-de-pavimentos\/","title":{"rendered":"SERVIU INFORMA CIERRE DE CALZADA EN INTERSECCI\u00d3N DE CALLE CAPIT\u00c1N GUILLERMOS CON AVENIDA CIRCUNVALACI\u00d3N POR REPOSICI\u00d3N DE PAVIMENTOS"},"content":{"rendered":"\n<p>Los trabajos forman parte de un proyecto de conservaci\u00f3n de la Red vial y de espacios p\u00fablicos del sector poniente de Punta Arenas, que comprende la reposici\u00f3n de 8.982 metros cuadrados de pavimentos, con una inversi\u00f3n sectorial del Ministerio de Vivienda y Urbanismo de 935.804.482 de pesos. La unidad t\u00e9cnica del proyecto es el Serviu regional y la empresa contratista, AXIS S.A.<\/p>\n\n\n\n<p>En la intersecci\u00f3n de Avenida Circunvalaci\u00f3n y Capit\u00e1n Guillermos, se efect\u00faa la reposici\u00f3n de 297&nbsp;metros cuadrados de pavimentos de calzada, que resultaron da\u00f1ados en el contexto del estallido social. El plazo de t\u00e9rmino de dicha intervenci\u00f3n, es el 17 de mayo.<\/p>\n\n\n\n<p>Mientras se desarrollen las faenas, se estableci\u00f3 como v\u00eda alternativa para la locomoci\u00f3n colectiva, el tr\u00e1nsito por calle Capit\u00e1n Guillermos, Seno Skyring, Canal Beagle y Avenida Circunvalaci\u00f3n entre R\u00f3mulo Correa y Canal Beagle. En el caso de los veh\u00edculos particulares, podr\u00e1n transitar por el tramo antes se\u00f1alado y acceder, adem\u00e1s, a calle Capit\u00e1n Guillermos hasta R\u00edo Grande en el poniente, con ingreso a los pasajes perpendiculares a esta calle.<\/p>\n\n\n\n<p>La autorizaci\u00f3n de cierre total, fue otorgada por la Seremi de Transportes y Telecomunicaciones, permitiendo la circulaci\u00f3n excepcional de veh\u00edculos de emergencia, Carabineros y los destinados a cumplir funciones en el proyecto vial.<\/p>\n","protected":false},"excerpt":{"rendered":"<p>Los trabajos forman parte de un proyecto de conservaci\u00f3n de la Red vial y de espacios p\u00fablicos del sector poniente de Punta Arenas, que comprende la reposici\u00f3n de 8.982 metros&#8230; <a class=\"read-more\" href=\"https:\/\/www.radiopresidenteibanez.cl\/web\/serviu-informa-cierre-de-calzada-en-interseccion-de-calle-capitan-guillermos-con-avenida-circunvalacion-por-reposicion-de-pavimentos\/\">Leer m\u00e1s<\/a><\/p>\n","protected":false},"author":2,"featured_media":20575,"comment_status":"closed","ping_status":"closed","sticky":false,"template":"","format":"standard","meta":{"footnotes":""},"categories":[1],"tags":[],"class_list":["post-20574","post","type-post","status-publish","format-standard","has-post-thumbnail","hentry","category-cronica"],"_links":{"self":[{"href":"https:\/\/www.radiopresidenteibanez.cl\/web\/wp-json\/wp\/v2\/posts\/20574","targetHints":{"allow":["GET"]}}],"collection":[{"href":"https:\/\/www.radiopresidenteibanez.cl\/web\/wp-json\/wp\/v2\/posts"}],"about":[{"href":"https:\/\/www.radiopresidenteibanez.cl\/web\/wp-json\/wp\/v2\/types\/post"}],"author":[{"embeddable":true,"href":"https:\/\/www.radiopresidenteibanez.cl\/web\/wp-json\/wp\/v2\/users\/2"}],"replies":[{"embeddable":true,"href":"https:\/\/www.radiopresidenteibanez.cl\/web\/wp-json\/wp\/v2\/comments?post=20574"}],"version-history":[{"count":0,"href":"https:\/\/www.radiopresidenteibanez.cl\/web\/wp-json\/wp\/v2\/posts\/20574\/revisions"}],"wp:featuredmedia":[{"embeddable":true,"href":"https:\/\/www.radiopresidenteibanez.cl\/web\/wp-json\/wp\/v2\/media\/20575"}],"wp:attachment":[{"href":"https:\/\/www.radiopresidenteibanez.cl\/web\/wp-json\/wp\/v2\/media?parent=20574"}],"wp:term":[{"taxonomy":"category","embeddable":true,"href":"https:\/\/www.radiopresidenteibanez.cl\/web\/wp-json\/wp\/v2\/categories?post=20574"},{"taxonomy":"post_tag","embeddable":true,"href":"https:\/\/www.radiopresidenteibanez.cl\/web\/wp-json\/wp\/v2\/tags?post=20574"}],"curies":[{"name":"wp","href":"https:\/\/api.w.org\/{rel}","templated":true}]}}