{"id":20571,"date":"2021-05-08T00:14:22","date_gmt":"2021-05-08T00:14:22","guid":{"rendered":"https:\/\/www.radiopresidenteibanez.cl\/web\/?p=20571"},"modified":"2021-05-08T00:14:26","modified_gmt":"2021-05-08T00:14:26","slug":"seremi-de-transportes-y-telecomunicaciones-informo-programa-de-operaciones-red-punta-arenas-en-cuarentena","status":"publish","type":"post","link":"https:\/\/www.radiopresidenteibanez.cl\/web\/seremi-de-transportes-y-telecomunicaciones-informo-programa-de-operaciones-red-punta-arenas-en-cuarentena\/","title":{"rendered":"SEREMI DE TRANSPORTES Y TELECOMUNICACIONES INFORM\u00d3 PROGRAMA DE OPERACIONES RED PUNTA ARENAS EN CUARENTENA"},"content":{"rendered":"\n<p>\u201cPor haber entrado la capital\nregional a paso 1, el servicio Red Punta Arenas operar\u00e1 al 58% de su capacidad\nm\u00e1xima mientras dura la cuarentena, con una frecuencia de salida de una micro\ncada media hora en ambos sentidos, norte-sur y sur-norte\u201d, inform\u00f3 el seremi de\nTransportes y Telecomunicaciones Marco Mella.<\/p>\n\n\n\n<p>Agreg\u00f3 el secretario regional que\nen d\u00edas h\u00e1biles el horario de inicio del servicio ser\u00e1 a las 7 horas y que los\n\u00faltimos recorridos que se inician en los terminales norte y sur saldr\u00e1n a las\n20:30 horas, en ambos sentidos de recorrido.<\/p>\n\n\n\n<p>S\u00e1bado, domingo y festivos\ncomenzar\u00e1n sus recorridos a las 7 horas para finalizar el \u00faltimo a las 19 en\nsentido sur-norte. Y a las 8 y 20 horas en sentido norte- sur.<\/p>\n\n\n\n<p>El llamado que hizo la autoridad\nes a quedarse en casa de ser posible realizar teletrabajo, bajar al m\u00ednimo las\nsalidas y realizarlas s\u00f3lo si son impostergables. Cuando se deba dejar el\nhogar, organizar bien los trayectos para optimizar el tiempo de los permisos y\nmantener en todo momento las medidas preventivas de contagio por CoVid-19. <\/p>\n","protected":false},"excerpt":{"rendered":"<p>\u201cPor haber entrado la capital regional a paso 1, el servicio Red Punta Arenas operar\u00e1 al 58% de su capacidad m\u00e1xima mientras dura la cuarentena, con una frecuencia de salida&#8230; <a class=\"read-more\" href=\"https:\/\/www.radiopresidenteibanez.cl\/web\/seremi-de-transportes-y-telecomunicaciones-informo-programa-de-operaciones-red-punta-arenas-en-cuarentena\/\">Leer m\u00e1s<\/a><\/p>\n","protected":false},"author":2,"featured_media":20572,"comment_status":"closed","ping_status":"closed","sticky":false,"template":"","format":"standard","meta":{"footnotes":""},"categories":[1],"tags":[],"class_list":["post-20571","post","type-post","status-publish","format-standard","has-post-thumbnail","hentry","category-cronica"],"_links":{"self":[{"href":"https:\/\/www.radiopresidenteibanez.cl\/web\/wp-json\/wp\/v2\/posts\/20571","targetHints":{"allow":["GET"]}}],"collection":[{"href":"https:\/\/www.radiopresidenteibanez.cl\/web\/wp-json\/wp\/v2\/posts"}],"about":[{"href":"https:\/\/www.radiopresidenteibanez.cl\/web\/wp-json\/wp\/v2\/types\/post"}],"author":[{"embeddable":true,"href":"https:\/\/www.radiopresidenteibanez.cl\/web\/wp-json\/wp\/v2\/users\/2"}],"replies":[{"embeddable":true,"href":"https:\/\/www.radiopresidenteibanez.cl\/web\/wp-json\/wp\/v2\/comments?post=20571"}],"version-history":[{"count":0,"href":"https:\/\/www.radiopresidenteibanez.cl\/web\/wp-json\/wp\/v2\/posts\/20571\/revisions"}],"wp:featuredmedia":[{"embeddable":true,"href":"https:\/\/www.radiopresidenteibanez.cl\/web\/wp-json\/wp\/v2\/media\/20572"}],"wp:attachment":[{"href":"https:\/\/www.radiopresidenteibanez.cl\/web\/wp-json\/wp\/v2\/media?parent=20571"}],"wp:term":[{"taxonomy":"category","embeddable":true,"href":"https:\/\/www.radiopresidenteibanez.cl\/web\/wp-json\/wp\/v2\/categories?post=20571"},{"taxonomy":"post_tag","embeddable":true,"href":"https:\/\/www.radiopresidenteibanez.cl\/web\/wp-json\/wp\/v2\/tags?post=20571"}],"curies":[{"name":"wp","href":"https:\/\/api.w.org\/{rel}","templated":true}]}}