{"id":2057,"date":"2019-03-09T21:54:31","date_gmt":"2019-03-09T21:54:31","guid":{"rendered":"http:\/\/www.radiopresidenteibanez.cl\/web\/?p=2057"},"modified":"2019-03-09T21:55:01","modified_gmt":"2019-03-09T21:55:01","slug":"seremi-del-trabajo-distingue-a-mujeres-en-empleos-no-tradicionales","status":"publish","type":"post","link":"https:\/\/www.radiopresidenteibanez.cl\/web\/seremi-del-trabajo-distingue-a-mujeres-en-empleos-no-tradicionales\/","title":{"rendered":"SEREMI DEL TRABAJO DISTINGUE A MUJERES EN EMPLEOS NO TRADICIONALES"},"content":{"rendered":"\n<p>En el marco de\nlas actividades por la conmemoraci\u00f3n del D\u00eda Internacional de la Mujer\nTrabajadora, la Seremi del Trabajo, Victoria Cort\u00e9s, en conjunto con el\ndirector regional del Trabajo, Francisco Parada y la Seremi de Hacienda, Lil\nGarc\u00e9s, realizaron una visita al sector de Cabo Negro para conocer a dos\nmujeres que se desempe\u00f1an en los llamados trabajos no convencionales, con la\nfinalidad de conocer sus historias y destacar su importante rol.<\/p>\n\n\n\n<p>A trav\u00e9s de la \u201cAgenda\nMujer\u201d, planteada por el Presidente Sebasti\u00e1n Pi\u00f1era, el Ministerio del Trabajo\nha realzado y fomentado la incorporaci\u00f3n de mujeres a \u00e1reas y rubros menos\ntradicionales para ellas, buscando con esto otorgar mayores oportunidades de\nparticipaci\u00f3n femenina en el mercado laboral e impulsar a las mujeres a\ninteresarse en este tipo de profesiones en sectores como el minero-energ\u00e9tico,\nconstrucci\u00f3n, portuario, entre otros similares. <\/p>\n\n\n\n<p>Con esto, en\npalabras de la autoridad laboral, se busca acortar las brechas de participaci\u00f3n\nfemenina \u2013que hoy supera el 56% versus un 74% de los hombres- y abrir nuevos\nespacios para ellas. De ah\u00ed que, a trav\u00e9s de los ejemplos de Paola C\u00e1rdenas y\nGabriela Paillacar, quienes se desempe\u00f1an como operadora de terminal mar\u00edtimo y\noperadora de planta y patio de carga, respectivamente, en la Empresa Nacional\ndel Petr\u00f3leo (Enap) Magallanes, se quiera difundir estas nuevas oportunidades\nlaborales.<\/p>\n\n\n\n<p>\u201cLa verdad es\nque fue una linda experiencia conocer a estas dos trabajadoras, a Paola y\nGabriela. Es un trabajo sacrificado el que ellas desempe\u00f1an. Nos interiorizamos\nno solamente en el aspecto t\u00e9cnico, sino tambi\u00e9n en c\u00f3mo ellas compatibilizan\nla vida familiar, la vida personal con estos trabajos no tradicionales para las\nmujeres y la verdad es que son un ejemplo, no s\u00f3lo por la expertiz profesional,\nsino que m\u00e1s all\u00e1 de eso, por la historia que hay detr\u00e1s de cada una, de\nesfuerzo, de superaci\u00f3n, de entrega, de compromiso con su trabajo. Quisimos\nvenir a reconocer a estas mujeres en la semana de la mujer, una semana\nimportante, donde como gobierno del presidente Sebasti\u00e1n Pi\u00f1era, estamos\ntrabajando fuertemente por la equidad de g\u00e9nero\u201d, declar\u00f3 Cort\u00e9s.<\/p>\n\n\n\n<p>Al respecto, la\nSeremi de Hacienda, quien acompa\u00f1\u00f3 la visita, refrend\u00f3 las palabras de su par\nde Trabajo, se\u00f1alando que \u201cestos dos ejemplos que hemos visto hoy d\u00eda son el\nclaro reflejo de lo que una mujer puede desarrollar en el mundo laboral.\nDebemos normalizar ya que una mujer est\u00e9 en un cargo, eso debiera ser parte de\nnuestra sociedad y obviamente eso es un impulso para nuestra econom\u00eda, a pesar\nque son mam\u00e1s, hijas, hermanas, en todos los roles las mujeres tambi\u00e9n podemos\ncumplir un rol profesional y sumamente esforzado como los casos que hemos visto\nhoy\u201d.<\/p>\n\n\n\n<p>Para ellas, las\ntrabajadoras protagonistas de esta visita, fue una grata experiencia el haber\nsido reconocidas por las autoridades en sus lugares de trabajo. Paola C\u00e1rdenas,\nquien trabaja como encargada del terminal de Cabo Negro, es una de las apenas\ncuatro mujeres que desempe\u00f1an esta funci\u00f3n en alg\u00fan puerto de Am\u00e9rica Latina,\npor lo que las Seremis destacaron el orgullo que significa tener a una de ellas\ntrabajando aqu\u00ed. <\/p>\n\n\n\n<p>Consultada\nsobre su labor y la distinci\u00f3n recibida, C\u00e1rdenas expres\u00f3 que \u201cme siento\norgullosa de poder ejercer esta actividad, esta profesi\u00f3n, que siempre fue de\nhombres. Es un trabajo no convencional para las mujeres. Ha sido un desaf\u00edo y\nes una satisfacci\u00f3n personal tambi\u00e9n poder demostrar que no hay diferencias de\ng\u00e9nero para poder ejercer esta profesi\u00f3n (\u2026) es bien gratificante ver que las\nautoridades quieren conocer en terreno nuestra actividad, poder conocer m\u00e1s\nall\u00e1 de lo que significa esta labor. Yo me siento agradecida por que ellas\nquisieron conocer lo que uno hace\u201d.<\/p>\n\n\n\n<p>Por su parte,\nGabriela Paillacar, quien trabaja como operadora de planta y patio de carga,\ntiene a su mando la responsabilidad de coordinar los camiones que abastecen de\nenerg\u00eda a la ciudad. \u201cMe pareci\u00f3 s\u00faper buena esta iniciativa y de que las\nseremis se hayan tomado el tiempo de venir a compartir con nosotras. Para m\u00ed es\nun orgullo estar ac\u00e1, imag\u00ednate, no es menor estar ac\u00e1 en el patio de carga,\nentregar el combustible a lo que es la d\u00e9cimo segunda regi\u00f3n, es una\nresponsabilidad grande, se ve simple, pero no es tan simple, uno tiene que\nestar pendiente de cada detalle, de cada cosa, de los camiones, de la carga que\nse entrega, pero feliz de estar ac\u00e1 y agradecida\u201d.<\/p>\n\n\n\n<p>Actualmente, la participaci\u00f3n de las mujeres en la fuerza laboral magall\u00e1nica supera el 56,3% de acuerdo a los datos recogidos por el Instituto Nacional de Estad\u00edsticas, lo que representa casi un 19% de diferencia con la participaci\u00f3n laboral expresada por los varones, que alcanza un 74%. Si bien, esta brecha es menor que en el resto del pa\u00eds, las autoridades buscan avanzar en acortar esta diferencia a trav\u00e9s de la promoci\u00f3n de empleos para mujeres en \u00e1reas de la tecnolog\u00eda y rubros no convencionales hasta ahora.<\/p>\n\n\n\n<figure class=\"wp-block-image\"><img loading=\"lazy\" decoding=\"async\" width=\"1024\" height=\"458\" src=\"http:\/\/www.radiopresidenteibanez.cl\/web\/wp-content\/uploads\/2019\/03\/SEREMIS-1024x458.jpg\" alt=\"\" class=\"wp-image-2058\" srcset=\"https:\/\/www.radiopresidenteibanez.cl\/web\/wp-content\/uploads\/2019\/03\/SEREMIS-1024x458.jpg 1024w, https:\/\/www.radiopresidenteibanez.cl\/web\/wp-content\/uploads\/2019\/03\/SEREMIS-300x134.jpg 300w, https:\/\/www.radiopresidenteibanez.cl\/web\/wp-content\/uploads\/2019\/03\/SEREMIS-768x344.jpg 768w, https:\/\/www.radiopresidenteibanez.cl\/web\/wp-content\/uploads\/2019\/03\/SEREMIS.jpg 1278w\" sizes=\"auto, (max-width: 1024px) 100vw, 1024px\" \/><\/figure>\n","protected":false},"excerpt":{"rendered":"<p>En el marco de las actividades por la conmemoraci\u00f3n del D\u00eda Internacional de la Mujer Trabajadora, la Seremi del Trabajo, Victoria Cort\u00e9s, en conjunto con el director regional del Trabajo,&#8230; <a class=\"read-more\" href=\"https:\/\/www.radiopresidenteibanez.cl\/web\/seremi-del-trabajo-distingue-a-mujeres-en-empleos-no-tradicionales\/\">Leer m\u00e1s<\/a><\/p>\n","protected":false},"author":2,"featured_media":2058,"comment_status":"closed","ping_status":"closed","sticky":false,"template":"","format":"standard","meta":{"footnotes":""},"categories":[1],"tags":[],"class_list":["post-2057","post","type-post","status-publish","format-standard","has-post-thumbnail","hentry","category-cronica"],"_links":{"self":[{"href":"https:\/\/www.radiopresidenteibanez.cl\/web\/wp-json\/wp\/v2\/posts\/2057","targetHints":{"allow":["GET"]}}],"collection":[{"href":"https:\/\/www.radiopresidenteibanez.cl\/web\/wp-json\/wp\/v2\/posts"}],"about":[{"href":"https:\/\/www.radiopresidenteibanez.cl\/web\/wp-json\/wp\/v2\/types\/post"}],"author":[{"embeddable":true,"href":"https:\/\/www.radiopresidenteibanez.cl\/web\/wp-json\/wp\/v2\/users\/2"}],"replies":[{"embeddable":true,"href":"https:\/\/www.radiopresidenteibanez.cl\/web\/wp-json\/wp\/v2\/comments?post=2057"}],"version-history":[{"count":0,"href":"https:\/\/www.radiopresidenteibanez.cl\/web\/wp-json\/wp\/v2\/posts\/2057\/revisions"}],"wp:featuredmedia":[{"embeddable":true,"href":"https:\/\/www.radiopresidenteibanez.cl\/web\/wp-json\/wp\/v2\/media\/2058"}],"wp:attachment":[{"href":"https:\/\/www.radiopresidenteibanez.cl\/web\/wp-json\/wp\/v2\/media?parent=2057"}],"wp:term":[{"taxonomy":"category","embeddable":true,"href":"https:\/\/www.radiopresidenteibanez.cl\/web\/wp-json\/wp\/v2\/categories?post=2057"},{"taxonomy":"post_tag","embeddable":true,"href":"https:\/\/www.radiopresidenteibanez.cl\/web\/wp-json\/wp\/v2\/tags?post=2057"}],"curies":[{"name":"wp","href":"https:\/\/api.w.org\/{rel}","templated":true}]}}